{"id":440311,"date":"2026-09-01T10:28:53","date_gmt":"2026-09-01T09:28:53","guid":{"rendered":"https:\/\/agencia.ecclesia.pt\/portal\/?p=440311"},"modified":"2026-09-01T10:30:54","modified_gmt":"2026-09-01T09:30:54","slug":"nepal-china-caritas-mobiliza-assistencia-para-vitimas-de-inundacoes-nos-himalaias","status":"publish","type":"post","link":"https:\/\/agencia.ecclesia.pt\/portal\/nepal-china-caritas-mobiliza-assistencia-para-vitimas-de-inundacoes-nos-himalaias\/","title":{"rendered":"Nepal\/China: C\u00e1ritas mobiliza assist\u00eancia para v\u00edtimas de inunda\u00e7\u00f5es nos Himalaias"},"content":{"rendered":"<p><em>Organiza\u00e7\u00e3o cat\u00f3lica assume preocupa\u00e7\u00e3o com possibilidade de novas inunda\u00e7\u00f5es<\/em><!--more--><\/p>\n<figure id=\"attachment_440314\" aria-describedby=\"caption-attachment-440314\" style=\"width: 1600px\" class=\"wp-caption alignnone\"><img fetchpriority=\"high\" decoding=\"async\" class=\"wp-image-440314 size-full\" src=\"https:\/\/agencia.ecclesia.pt\/portal\/wp-content\/uploads\/2026\/09\/55499281148_dfeb2edf15_o.jpg\" alt=\"\" width=\"1600\" height=\"739\" srcset=\"https:\/\/agencia.ecclesia.pt\/portal\/wp-content\/uploads\/2026\/09\/55499281148_dfeb2edf15_o.jpg 1600w, https:\/\/agencia.ecclesia.pt\/portal\/wp-content\/uploads\/2026\/09\/55499281148_dfeb2edf15_o-400x185.jpg 400w, https:\/\/agencia.ecclesia.pt\/portal\/wp-content\/uploads\/2026\/09\/55499281148_dfeb2edf15_o-1024x473.jpg 1024w, https:\/\/agencia.ecclesia.pt\/portal\/wp-content\/uploads\/2026\/09\/55499281148_dfeb2edf15_o-768x355.jpg 768w, https:\/\/agencia.ecclesia.pt\/portal\/wp-content\/uploads\/2026\/09\/55499281148_dfeb2edf15_o-1536x709.jpg 1536w\" sizes=\"(max-width: 1600px) 100vw, 1600px\" \/><figcaption id=\"caption-attachment-440314\" class=\"wp-caption-text\">Foto: C\u00e0ritas Nepal<\/figcaption><\/figure>\n<p>Lisboa, 01 set 2026 (Ecclesia) \u2013 A C\u00e1ritas do Nepal iniciou a distribui\u00e7\u00e3o de refei\u00e7\u00f5es e bens de primeira necessidade a milhares de desalojados pelas cheias repentinas que atingiram o pa\u00eds na manh\u00e3 de 26 de agosto, junto \u00e0 fronteira com o Tibete.<\/p>\n<p>\u201cAs equipas da C\u00e1ritas Nepal est\u00e3o no terreno a responder ao impacto devastador das cheias repentinas e dos deslizamentos de terra em Rasuwa e nas zonas a jusante. As comunidades foram deslocadas, as habita\u00e7\u00f5es e as infraestruturas essenciais ficaram danificadas e o acesso \u00e0s zonas mais afetadas continua a ser dif\u00edcil\u201d, informa a confedera\u00e7\u00e3o internacional da C\u00e1ritas, em nota enviada \u00e0 Ag\u00eancia ECCLESIA.<\/p>\n<p>A \u00e1gua desceu pelo rio Bhote Koshi a partir do Tibete, devastando mercados, povoa\u00e7\u00f5es e infraestruturas vitais nas zonas fronteiri\u00e7as de Timure, Rasuwagadhi e Syabrubesi.<\/p>\n<p>Segundo a organiza\u00e7\u00e3o cat\u00f3lica, \u201cas prioridades imediatas incluem alimentos, \u00e1gua pot\u00e1vel, abrigo de emerg\u00eancia, cobertores, colch\u00f5es, produtos de higiene, ilumina\u00e7\u00e3o e cuidados de sa\u00fade\u201d.<\/p>\n<p>\u201c\u00c9 tamb\u00e9m urgentemente necess\u00e1ria uma maior capacidade m\u00e9dica e de ambul\u00e2ncias, bem como apoio psicossocial\u201d, acrescenta o comunicado.<\/p>\n<p>A possibilidade de novas inunda\u00e7\u00f5es continua a ser motivo de preocupa\u00e7\u00e3o, exigindo uma monitoriza\u00e7\u00e3o cont\u00ednua, alertas precoces e prepara\u00e7\u00e3o para as comunidades a jusante.<\/p>\n<figure id=\"attachment_440315\" aria-describedby=\"caption-attachment-440315\" style=\"width: 373px\" class=\"wp-caption alignright\"><img decoding=\"async\" class=\"size-medium wp-image-440315\" src=\"https:\/\/agencia.ecclesia.pt\/portal\/wp-content\/uploads\/2026\/09\/55499281158_36d4e94153_o-373x280.jpg\" alt=\"\" width=\"373\" height=\"280\" srcset=\"https:\/\/agencia.ecclesia.pt\/portal\/wp-content\/uploads\/2026\/09\/55499281158_36d4e94153_o-373x280.jpg 373w, https:\/\/agencia.ecclesia.pt\/portal\/wp-content\/uploads\/2026\/09\/55499281158_36d4e94153_o-1024x768.jpg 1024w, https:\/\/agencia.ecclesia.pt\/portal\/wp-content\/uploads\/2026\/09\/55499281158_36d4e94153_o-768x576.jpg 768w, https:\/\/agencia.ecclesia.pt\/portal\/wp-content\/uploads\/2026\/09\/55499281158_36d4e94153_o-1536x1152.jpg 1536w, https:\/\/agencia.ecclesia.pt\/portal\/wp-content\/uploads\/2026\/09\/55499281158_36d4e94153_o.jpg 1600w\" sizes=\"(max-width: 373px) 100vw, 373px\" \/><figcaption id=\"caption-attachment-440315\" class=\"wp-caption-text\">Foto: C\u00e0ritas Nepal<\/figcaption><\/figure>\n<p>A cat\u00e1strofe natural teve origem no colapso de um glaciar que provocou um evento s\u00edsmico de magnitude 5,2 e desencadeou as enxurradas violentas nas zonas de elevada altitude.<\/p>\n<p>As autoridades nepalesas e chinesas contabilizaram mais de mil mortos e procuram ainda quase quatro mil desaparecidos, incluindo quatro cidad\u00e3os portugueses sinalizados pelo Governo em Lisboa.<\/p>\n<p>A C\u00e1rtias respondeu \u00e0 emerg\u00eancia com a instala\u00e7\u00e3o de mais de meia centena de cozinhas comunit\u00e1rias, assegurando a entrega imediata de provis\u00f5es a 300 fam\u00edlias afetadas para um per\u00edodo de 15 dias.<\/p>\n<p>Uma parceria com a ag\u00eancia humanit\u00e1ria norte-americana \u2018Catholic Relief Services\u2019 canalizou um financiamento de 500 mil d\u00f3lares para fornecer abrigos, kits de higiene e sistemas de ilumina\u00e7\u00e3o solar a mil agregados familiares.<\/p>\n<p>A interven\u00e7\u00e3o da Igreja Cat\u00f3lica incluiu o envio urgente de medicamentos avaliados em quase tr\u00eas mil euros para o posto de sa\u00fade de Gareni e prev\u00ea a transfer\u00eancia de apoio financeiro direto para 750 fam\u00edlias gravemente vulner\u00e1veis.<\/p>\n<p>A destrui\u00e7\u00e3o das vias rodovi\u00e1rias e da rede el\u00e9trica dificulta as opera\u00e7\u00f5es de resgate nas comunidades isoladas, obrigando as equipas no terreno a monitorizar o risco constante de novas inunda\u00e7\u00f5es.<\/p>\n<p><em>OC<\/em><\/p>\n","protected":false},"excerpt":{"rendered":"<p>Organiza\u00e7\u00e3o cat\u00f3lica assume preocupa\u00e7\u00e3o com possibilidade de novas inunda\u00e7\u00f5es<\/p>\n","protected":false},"author":2,"featured_media":440314,"comment_status":"closed","ping_status":"closed","sticky":false,"template":"","format":"standard","meta":{"site-sidebar-layout":"default","site-content-layout":"","ast-site-content-layout":"default","site-content-style":"default","site-sidebar-style":"default","ast-global-header-display":"","ast-banner-title-visibility":"","ast-main-header-display":"","ast-hfb-above-header-display":"","ast-hfb-below-header-display":"","ast-hfb-mobile-header-display":"","site-post-title":"","ast-breadcrumbs-content":"","ast-featured-img":"","footer-sml-layout":"","ast-disable-related-posts":"","theme-transparent-header-meta":"default","adv-header-id-meta":"","stick-header-meta":"default","header-above-stick-meta":"","header-main-stick-meta":"","header-below-stick-meta":"","astra-migrate-meta-layouts":"set","ast-page-background-enabled":"default","ast-page-background-meta":{"desktop":{"background-color":"var(--ast-global-color-4)","background-image":"","background-repeat":"repeat","background-position":"center center","background-size":"auto","background-attachment":"scroll","background-type":"","background-media":"","overlay-type":"","overlay-color":"","overlay-opacity":"","overlay-gradient":""},"tablet":{"background-color":"","background-image":"","background-repeat":"repeat","background-position":"center center","background-size":"auto","background-attachment":"scroll","background-type":"","background-media":"","overlay-type":"","overlay-color":"","overlay-opacity":"","overlay-gradient":""},"mobile":{"background-color":"","background-image":"","background-repeat":"repeat","background-position":"center center","background-size":"auto","background-attachment":"scroll","background-type":"","background-media":"","overlay-type":"","overlay-color":"","overlay-opacity":"","overlay-gradient":""}},"ast-content-background-meta":{"desktop":{"background-color":"var(--ast-global-color-5)","background-image":"","background-repeat":"repeat","background-position":"center center","background-size":"auto","background-attachment":"scroll","background-type":"","background-media":"","overlay-type":"","overlay-color":"","overlay-opacity":"","overlay-gradient":""},"tablet":{"background-color":"var(--ast-global-color-5)","background-image":"","background-repeat":"repeat","background-position":"center center","background-size":"auto","background-attachment":"scroll","background-type":"","background-media":"","overlay-type":"","overlay-color":"","overlay-opacity":"","overlay-gradient":""},"mobile":{"background-color":"var(--ast-global-color-5)","background-image":"","background-repeat":"repeat","background-position":"center center","background-size":"auto","background-attachment":"scroll","background-type":"","background-media":"","overlay-type":"","overlay-color":"","overlay-opacity":"","overlay-gradient":""}},"footnotes":""},"categories":[1019,4],"tags":[448,125],"class_list":["post-440311","post","type-post","status-publish","format-standard","has-post-thumbnail","hentry","category-manchete-ultimas","category-internacional","tag-asia","tag-caritas"],"_links":{"self":[{"href":"https:\/\/agencia.ecclesia.pt\/portal\/wp-json\/wp\/v2\/posts\/440311","targetHints":{"allow":["GET"]}}],"collection":[{"href":"https:\/\/agencia.ecclesia.pt\/portal\/wp-json\/wp\/v2\/posts"}],"about":[{"href":"https:\/\/agencia.ecclesia.pt\/portal\/wp-json\/wp\/v2\/types\/post"}],"author":[{"embeddable":true,"href":"https:\/\/agencia.ecclesia.pt\/portal\/wp-json\/wp\/v2\/users\/2"}],"replies":[{"embeddable":true,"href":"https:\/\/agencia.ecclesia.pt\/portal\/wp-json\/wp\/v2\/comments?post=440311"}],"version-history":[{"count":2,"href":"https:\/\/agencia.ecclesia.pt\/portal\/wp-json\/wp\/v2\/posts\/440311\/revisions"}],"predecessor-version":[{"id":440328,"href":"https:\/\/agencia.ecclesia.pt\/portal\/wp-json\/wp\/v2\/posts\/440311\/revisions\/440328"}],"wp:featuredmedia":[{"embeddable":true,"href":"https:\/\/agencia.ecclesia.pt\/portal\/wp-json\/wp\/v2\/media\/440314"}],"wp:attachment":[{"href":"https:\/\/agencia.ecclesia.pt\/portal\/wp-json\/wp\/v2\/media?parent=440311"}],"wp:term":[{"taxonomy":"category","embeddable":true,"href":"https:\/\/agencia.ecclesia.pt\/portal\/wp-json\/wp\/v2\/categories?post=440311"},{"taxonomy":"post_tag","embeddable":true,"href":"https:\/\/agencia.ecclesia.pt\/portal\/wp-json\/wp\/v2\/tags?post=440311"}],"curies":[{"name":"wp","href":"https:\/\/api.w.org\/{rel}","templated":true}]}}