{"id":440293,"date":"2026-08-31T17:52:11","date_gmt":"2026-08-31T16:52:11","guid":{"rendered":"https:\/\/agencia.ecclesia.pt\/portal\/?p=440293"},"modified":"2026-08-31T17:55:35","modified_gmt":"2026-08-31T16:55:35","slug":"xi-simposio-do-clero-as-comunidades-tem-de-ser-lugares-saudaveis-e-seguros-para-todos-afirmou-d-virgilio-antunes","status":"publish","type":"post","link":"https:\/\/agencia.ecclesia.pt\/portal\/xi-simposio-do-clero-as-comunidades-tem-de-ser-lugares-saudaveis-e-seguros-para-todos-afirmou-d-virgilio-antunes\/","title":{"rendered":"XI Simp\u00f3sio do Clero: As comunidades t\u00eam de ser \u00ablugares saud\u00e1veis e seguros para todos\u00bb, afirmou D. Virg\u00edlio Antunes"},"content":{"rendered":"<p><em>Presidente da Confer\u00eancia Episcopal apontou \u00abdesafios espec\u00edficos\u00bb que se colocam aos padres, na atualidade, \u00abref\u00e9ns da multiplicidade de atividades\u00bb<\/em><\/p>\n<p><!--more--><\/p>\n<figure id=\"attachment_407225\" aria-describedby=\"caption-attachment-407225\" style=\"width: 400px\" class=\"wp-caption alignleft\"><a href=\"https:\/\/agencia.ecclesia.pt\/portal\/wp-content\/uploads\/2026\/01\/Virgilio-Antunes.jpg\"><img fetchpriority=\"high\" decoding=\"async\" class=\"wp-image-407225 size-medium\" src=\"https:\/\/agencia.ecclesia.pt\/portal\/wp-content\/uploads\/2026\/01\/Virgilio-Antunes-400x267.jpg\" alt=\"\" width=\"400\" height=\"267\" srcset=\"https:\/\/agencia.ecclesia.pt\/portal\/wp-content\/uploads\/2026\/01\/Virgilio-Antunes-400x267.jpg 400w, https:\/\/agencia.ecclesia.pt\/portal\/wp-content\/uploads\/2026\/01\/Virgilio-Antunes-1024x683.jpg 1024w, https:\/\/agencia.ecclesia.pt\/portal\/wp-content\/uploads\/2026\/01\/Virgilio-Antunes-768x512.jpg 768w, https:\/\/agencia.ecclesia.pt\/portal\/wp-content\/uploads\/2026\/01\/Virgilio-Antunes-391x260.jpg 391w, https:\/\/agencia.ecclesia.pt\/portal\/wp-content\/uploads\/2026\/01\/Virgilio-Antunes.jpg 1200w\" sizes=\"(max-width: 400px) 100vw, 400px\" \/><\/a><figcaption id=\"caption-attachment-407225\" class=\"wp-caption-text\">Foto Ag\u00eancia ECCLESIA\/PR, D. Virg\u00edlio Antunes<\/figcaption><\/figure>\n<p style=\"font-weight: 400;\">F\u00e1tima, 31 ago 2026 (Ecclesia) &#8211; O presidente da Confer\u00eancia Episcopal Portuguesa (CEP) apontou \u201cdesafios espec\u00edficos\u201d que se colocam ao clero, na atualidade, referindo a necessidade garantir que, em cada comunidade, \u201cn\u00e3o haja qualquer forma de abuso\u201d.<\/p>\n<p style=\"font-weight: 400;\">\u201cPrecisamos de continuar a trabalhar de forma persistente para que as comunidades a que presidimos sejam lugares saud\u00e1veis e seguros para todos, onde impera o respeito por cada um e onde n\u00e3o haja qualquer forma de abuso\u201d, afirmou D. Virg\u00edlio Antunes na sess\u00e3o de abertura do XI Simp\u00f3sio do Clero, que iniciou hoje em F\u00e1tima.<\/p>\n<p style=\"font-weight: 400;\">O presidente da CEP lembrou \u201ca vis\u00e3o frequentemente negativa que marca o modo como \u00e9 vista a Igreja e o seu clero na sociedade atual\u201d, umas vezes por causa de \u201cpreconceitos\u201d e outras devido a \u201cdebilidades pessoais\u201d.<\/p>\n<p>D. Virg\u00edlio Antunes apontou para a necessidade de \u201cencontrar os caminhos de presen\u00e7a feliz, adequada e equilibrada na sociedade e na Igreja\u201d, tendo por prop\u00f3sito o \u201cbem-estar pessoal\u201d e a \u201cdimens\u00e3o mission\u00e1ria\u201d do minist\u00e9rio sacerdotal.<\/p>\n<p style=\"font-weight: 400;\">\u201cAs tend\u00eancias para a luta e o confronto aberto com a sociedade secularizada ou hostil, bem como a fuga do mundo para terrenos distantes ou para fortalezas que constru\u00edmos em nossa defesa, fazem de n\u00f3s pessoas \u00e1speras e distantes\u201d, sublinhou.<\/p>\n<p style=\"font-weight: 400;\">Como desafios espec\u00edficos ao clero, o presidente da CEP come\u00e7ou por afirmar a necessidade de, no contexto de uma sociedade secularizada, um \u201cforte enraizamento em Cristo e a um s\u00e9rio aprofundamento da espiritualidade crist\u00e3, ancorada nas suas bases fundamentais, a Palavra de Deus, a Eucaristia, os Sacramentos\u201d.<\/p>\n<figure id=\"attachment_440272\" aria-describedby=\"caption-attachment-440272\" style=\"width: 400px\" class=\"wp-caption alignright\"><a href=\"https:\/\/agencia.ecclesia.pt\/portal\/wp-content\/uploads\/2026\/08\/XI-Simposio-do-Clero_4767.jpg\"><img decoding=\"async\" class=\"wp-image-440272 size-medium\" src=\"https:\/\/agencia.ecclesia.pt\/portal\/wp-content\/uploads\/2026\/08\/XI-Simposio-do-Clero_4767-400x267.jpg\" alt=\"\" width=\"400\" height=\"267\" srcset=\"https:\/\/agencia.ecclesia.pt\/portal\/wp-content\/uploads\/2026\/08\/XI-Simposio-do-Clero_4767-400x267.jpg 400w, https:\/\/agencia.ecclesia.pt\/portal\/wp-content\/uploads\/2026\/08\/XI-Simposio-do-Clero_4767-1024x683.jpg 1024w, https:\/\/agencia.ecclesia.pt\/portal\/wp-content\/uploads\/2026\/08\/XI-Simposio-do-Clero_4767-768x512.jpg 768w, https:\/\/agencia.ecclesia.pt\/portal\/wp-content\/uploads\/2026\/08\/XI-Simposio-do-Clero_4767-391x260.jpg 391w, https:\/\/agencia.ecclesia.pt\/portal\/wp-content\/uploads\/2026\/08\/XI-Simposio-do-Clero_4767.jpg 1200w\" sizes=\"(max-width: 400px) 100vw, 400px\" \/><\/a><figcaption id=\"caption-attachment-440272\" class=\"wp-caption-text\">Foto Ag\u00eancia ECCLESIA\/PR, XI Simp\u00f3sio do Clero<\/figcaption><\/figure>\n<p style=\"font-weight: 400;\">\u201cTendo em conta o individualismo cultural t\u00e3o presente em n\u00f3s, somos chamados a intensificar a vida comunit\u00e1ria, tanto dentro dos presbit\u00e9rios como na inser\u00e7\u00e3o na comunidade crist\u00e3, \u00e0 qual pertencemos como crist\u00e3os e \u00e0 qual somos dados como pastores\u201d, acrescentou.<\/p>\n<p>D. Virg\u00edlio Antunes referiu depois que o \u201csentido de perten\u00e7a ao povo de Deus\u201d e a dimens\u00e3o sinodal da Igreja oferece \u201co quadro adequado\u201d para a viv\u00eancia do sacerd\u00f3cio \u201ccomo servi\u00e7o e como oferta\u201d de cada um.<\/p>\n<p style=\"font-weight: 400;\">O bispo de Coimbra lembrou tamb\u00e9m o n\u00famero de sacerdotes atualmente existentes nas v\u00e1rias dioceses e a \u201celevada m\u00e9dia et\u00e1ria\u201d, assim como os novos modelos de organiza\u00e7\u00e3o da vida pastoral, os sacerdotes enfrentam \u201ca urg\u00eancia\u201d da revis\u00e3o do modo como s\u00e3o padres, que \u201cn\u00e3o podem ficar ref\u00e9ns da multiplicidade de atividades, da sobreocupa\u00e7\u00e3o do tempo ou at\u00e9 das exig\u00eancias expressas por pessoas e por grupos, por vezes mais movidas pelas tradi\u00e7\u00f5es sociais e culturais do que pelo zelo da f\u00e9\u201d.<\/p>\n<p style=\"font-weight: 400;\">\u201cS\u00e3o importantes os projetos pastorais comunit\u00e1rios, que destaquem as prioridades da a\u00e7\u00e3o, que incluam os fi\u00e9is na participa\u00e7\u00e3o a seu modo e que manifestem compreens\u00e3o pela voca\u00e7\u00e3o e pela miss\u00e3o dos sacerdotes\u201d, acrescentou na comunica\u00e7\u00e3o que fez na sess\u00e3o de abertura.<\/p>\n<p style=\"font-weight: 400;\">A 11\u00aa edi\u00e7\u00e3o do Simp\u00f3sio do Clero de Portugal decorre at\u00e9 ao dia 3 de setembro, no Centro Paulo VI, em F\u00e1tima, e tem por\u00a0tema \u00abIrm\u00e3os no sacerd\u00f3cio e testemunhas do Evangelho\u00bb.<\/p>\n<div id='gallery-1' class='gallery galleryid-440293 gallery-columns-3 gallery-size-medium'><figure class='gallery-item'>\n\t\t\t<div class='gallery-icon landscape'>\n\t\t\t\t<a href='https:\/\/agencia.ecclesia.pt\/portal\/wp-content\/uploads\/2026\/08\/XI-Simposio-do-Clero_4721.jpg'><img decoding=\"async\" width=\"400\" height=\"267\" src=\"https:\/\/agencia.ecclesia.pt\/portal\/wp-content\/uploads\/2026\/08\/XI-Simposio-do-Clero_4721-400x267.jpg\" class=\"attachment-medium size-medium\" alt=\"\" aria-describedby=\"gallery-1-440282\" srcset=\"https:\/\/agencia.ecclesia.pt\/portal\/wp-content\/uploads\/2026\/08\/XI-Simposio-do-Clero_4721-400x267.jpg 400w, https:\/\/agencia.ecclesia.pt\/portal\/wp-content\/uploads\/2026\/08\/XI-Simposio-do-Clero_4721-1024x683.jpg 1024w, https:\/\/agencia.ecclesia.pt\/portal\/wp-content\/uploads\/2026\/08\/XI-Simposio-do-Clero_4721-768x512.jpg 768w, https:\/\/agencia.ecclesia.pt\/portal\/wp-content\/uploads\/2026\/08\/XI-Simposio-do-Clero_4721-391x260.jpg 391w, https:\/\/agencia.ecclesia.pt\/portal\/wp-content\/uploads\/2026\/08\/XI-Simposio-do-Clero_4721.jpg 1200w\" sizes=\"(max-width: 400px) 100vw, 400px\" \/><\/a>\n\t\t\t<\/div>\n\t\t\t\t<figcaption class='wp-caption-text gallery-caption' id='gallery-1-440282'>\n\t\t\t\tFoto Ag\u00eancia ECCLESIA\/PR, XI Simp\u00f3sio do Clero\n\t\t\t\t<\/figcaption><\/figure><figure class='gallery-item'>\n\t\t\t<div class='gallery-icon landscape'>\n\t\t\t\t<a href='https:\/\/agencia.ecclesia.pt\/portal\/wp-content\/uploads\/2026\/08\/XI-Simposio-do-Clero_4722.jpg'><img loading=\"lazy\" decoding=\"async\" width=\"400\" height=\"267\" src=\"https:\/\/agencia.ecclesia.pt\/portal\/wp-content\/uploads\/2026\/08\/XI-Simposio-do-Clero_4722-400x267.jpg\" class=\"attachment-medium size-medium\" alt=\"\" aria-describedby=\"gallery-1-440281\" srcset=\"https:\/\/agencia.ecclesia.pt\/portal\/wp-content\/uploads\/2026\/08\/XI-Simposio-do-Clero_4722-400x267.jpg 400w, https:\/\/agencia.ecclesia.pt\/portal\/wp-content\/uploads\/2026\/08\/XI-Simposio-do-Clero_4722-1024x683.jpg 1024w, https:\/\/agencia.ecclesia.pt\/portal\/wp-content\/uploads\/2026\/08\/XI-Simposio-do-Clero_4722-768x512.jpg 768w, https:\/\/agencia.ecclesia.pt\/portal\/wp-content\/uploads\/2026\/08\/XI-Simposio-do-Clero_4722-391x260.jpg 391w, https:\/\/agencia.ecclesia.pt\/portal\/wp-content\/uploads\/2026\/08\/XI-Simposio-do-Clero_4722.jpg 1200w\" sizes=\"(max-width: 400px) 100vw, 400px\" \/><\/a>\n\t\t\t<\/div>\n\t\t\t\t<figcaption class='wp-caption-text gallery-caption' id='gallery-1-440281'>\n\t\t\t\tFoto Ag\u00eancia ECCLESIA\/PR, XI Simp\u00f3sio do Clero\n\t\t\t\t<\/figcaption><\/figure><figure class='gallery-item'>\n\t\t\t<div class='gallery-icon landscape'>\n\t\t\t\t<a href='https:\/\/agencia.ecclesia.pt\/portal\/wp-content\/uploads\/2026\/08\/XI-Simposio-do-Clero_4731.jpg'><img loading=\"lazy\" decoding=\"async\" width=\"400\" height=\"267\" src=\"https:\/\/agencia.ecclesia.pt\/portal\/wp-content\/uploads\/2026\/08\/XI-Simposio-do-Clero_4731-400x267.jpg\" class=\"attachment-medium size-medium\" alt=\"\" aria-describedby=\"gallery-1-440277\" srcset=\"https:\/\/agencia.ecclesia.pt\/portal\/wp-content\/uploads\/2026\/08\/XI-Simposio-do-Clero_4731-400x267.jpg 400w, https:\/\/agencia.ecclesia.pt\/portal\/wp-content\/uploads\/2026\/08\/XI-Simposio-do-Clero_4731-1024x683.jpg 1024w, https:\/\/agencia.ecclesia.pt\/portal\/wp-content\/uploads\/2026\/08\/XI-Simposio-do-Clero_4731-768x512.jpg 768w, https:\/\/agencia.ecclesia.pt\/portal\/wp-content\/uploads\/2026\/08\/XI-Simposio-do-Clero_4731-391x260.jpg 391w, https:\/\/agencia.ecclesia.pt\/portal\/wp-content\/uploads\/2026\/08\/XI-Simposio-do-Clero_4731.jpg 1200w\" sizes=\"(max-width: 400px) 100vw, 400px\" \/><\/a>\n\t\t\t<\/div>\n\t\t\t\t<figcaption class='wp-caption-text gallery-caption' id='gallery-1-440277'>\n\t\t\t\tFoto Ag\u00eancia ECCLESIA\/PR, XI Simp\u00f3sio do Clero\n\t\t\t\t<\/figcaption><\/figure><figure class='gallery-item'>\n\t\t\t<div class='gallery-icon landscape'>\n\t\t\t\t<a href='https:\/\/agencia.ecclesia.pt\/portal\/wp-content\/uploads\/2026\/08\/XI-Simposio-do-Clero_4725.jpg'><img loading=\"lazy\" decoding=\"async\" width=\"400\" height=\"267\" src=\"https:\/\/agencia.ecclesia.pt\/portal\/wp-content\/uploads\/2026\/08\/XI-Simposio-do-Clero_4725-400x267.jpg\" class=\"attachment-medium size-medium\" alt=\"\" aria-describedby=\"gallery-1-440279\" srcset=\"https:\/\/agencia.ecclesia.pt\/portal\/wp-content\/uploads\/2026\/08\/XI-Simposio-do-Clero_4725-400x267.jpg 400w, https:\/\/agencia.ecclesia.pt\/portal\/wp-content\/uploads\/2026\/08\/XI-Simposio-do-Clero_4725-1024x683.jpg 1024w, https:\/\/agencia.ecclesia.pt\/portal\/wp-content\/uploads\/2026\/08\/XI-Simposio-do-Clero_4725-768x512.jpg 768w, https:\/\/agencia.ecclesia.pt\/portal\/wp-content\/uploads\/2026\/08\/XI-Simposio-do-Clero_4725-391x260.jpg 391w, https:\/\/agencia.ecclesia.pt\/portal\/wp-content\/uploads\/2026\/08\/XI-Simposio-do-Clero_4725.jpg 1500w\" sizes=\"(max-width: 400px) 100vw, 400px\" \/><\/a>\n\t\t\t<\/div>\n\t\t\t\t<figcaption class='wp-caption-text gallery-caption' id='gallery-1-440279'>\n\t\t\t\tFoto Ag\u00eancia ECCLESIA\/PR, XI Simp\u00f3sio do Clero\n\t\t\t\t<\/figcaption><\/figure>\n\t\t<\/div>\n\n<p style=\"font-weight: 400;\">PR<\/p>\n","protected":false},"excerpt":{"rendered":"<p>Presidente da Confer\u00eancia Episcopal apontou \u00abdesafios espec\u00edficos\u00bb que se colocam aos padres, na atualidade, \u00abref\u00e9ns da multiplicidade de atividades\u00bb<\/p>\n","protected":false},"author":5,"featured_media":407225,"comment_status":"closed","ping_status":"closed","sticky":false,"template":"","format":"standard","meta":{"site-sidebar-layout":"default","site-content-layout":"","ast-site-content-layout":"default","site-content-style":"default","site-sidebar-style":"default","ast-global-header-display":"","ast-banner-title-visibility":"","ast-main-header-display":"","ast-hfb-above-header-display":"","ast-hfb-below-header-display":"","ast-hfb-mobile-header-display":"","site-post-title":"","ast-breadcrumbs-content":"","ast-featured-img":"","footer-sml-layout":"","ast-disable-related-posts":"","theme-transparent-header-meta":"default","adv-header-id-meta":"","stick-header-meta":"default","header-above-stick-meta":"","header-main-stick-meta":"","header-below-stick-meta":"","astra-migrate-meta-layouts":"set","ast-page-background-enabled":"default","ast-page-background-meta":{"desktop":{"background-color":"var(--ast-global-color-4)","background-image":"","background-repeat":"repeat","background-position":"center center","background-size":"auto","background-attachment":"scroll","background-type":"","background-media":"","overlay-type":"","overlay-color":"","overlay-opacity":"","overlay-gradient":""},"tablet":{"background-color":"","background-image":"","background-repeat":"repeat","background-position":"center center","background-size":"auto","background-attachment":"scroll","background-type":"","background-media":"","overlay-type":"","overlay-color":"","overlay-opacity":"","overlay-gradient":""},"mobile":{"background-color":"","background-image":"","background-repeat":"repeat","background-position":"center center","background-size":"auto","background-attachment":"scroll","background-type":"","background-media":"","overlay-type":"","overlay-color":"","overlay-opacity":"","overlay-gradient":""}},"ast-content-background-meta":{"desktop":{"background-color":"var(--ast-global-color-5)","background-image":"","background-repeat":"repeat","background-position":"center center","background-size":"auto","background-attachment":"scroll","background-type":"","background-media":"","overlay-type":"","overlay-color":"","overlay-opacity":"","overlay-gradient":""},"tablet":{"background-color":"var(--ast-global-color-5)","background-image":"","background-repeat":"repeat","background-position":"center center","background-size":"auto","background-attachment":"scroll","background-type":"","background-media":"","overlay-type":"","overlay-color":"","overlay-opacity":"","overlay-gradient":""},"mobile":{"background-color":"var(--ast-global-color-5)","background-image":"","background-repeat":"repeat","background-position":"center center","background-size":"auto","background-attachment":"scroll","background-type":"","background-media":"","overlay-type":"","overlay-color":"","overlay-opacity":"","overlay-gradient":""}},"footnotes":""},"categories":[79,3],"tags":[338,147],"class_list":["post-440293","post","type-post","status-publish","format-standard","has-post-thumbnail","hentry","category-destaque1","category-nacional","tag-clero-seminarios-e-vocacoes","tag-conferencia-episcopal-portuguesa"],"_links":{"self":[{"href":"https:\/\/agencia.ecclesia.pt\/portal\/wp-json\/wp\/v2\/posts\/440293","targetHints":{"allow":["GET"]}}],"collection":[{"href":"https:\/\/agencia.ecclesia.pt\/portal\/wp-json\/wp\/v2\/posts"}],"about":[{"href":"https:\/\/agencia.ecclesia.pt\/portal\/wp-json\/wp\/v2\/types\/post"}],"author":[{"embeddable":true,"href":"https:\/\/agencia.ecclesia.pt\/portal\/wp-json\/wp\/v2\/users\/5"}],"replies":[{"embeddable":true,"href":"https:\/\/agencia.ecclesia.pt\/portal\/wp-json\/wp\/v2\/comments?post=440293"}],"version-history":[{"count":3,"href":"https:\/\/agencia.ecclesia.pt\/portal\/wp-json\/wp\/v2\/posts\/440293\/revisions"}],"predecessor-version":[{"id":440298,"href":"https:\/\/agencia.ecclesia.pt\/portal\/wp-json\/wp\/v2\/posts\/440293\/revisions\/440298"}],"wp:featuredmedia":[{"embeddable":true,"href":"https:\/\/agencia.ecclesia.pt\/portal\/wp-json\/wp\/v2\/media\/407225"}],"wp:attachment":[{"href":"https:\/\/agencia.ecclesia.pt\/portal\/wp-json\/wp\/v2\/media?parent=440293"}],"wp:term":[{"taxonomy":"category","embeddable":true,"href":"https:\/\/agencia.ecclesia.pt\/portal\/wp-json\/wp\/v2\/categories?post=440293"},{"taxonomy":"post_tag","embeddable":true,"href":"https:\/\/agencia.ecclesia.pt\/portal\/wp-json\/wp\/v2\/tags?post=440293"}],"curies":[{"name":"wp","href":"https:\/\/api.w.org\/{rel}","templated":true}]}}