{"id":440270,"date":"2026-08-31T17:47:53","date_gmt":"2026-08-31T16:47:53","guid":{"rendered":"https:\/\/agencia.ecclesia.pt\/portal\/?p=440270"},"modified":"2026-08-31T17:56:58","modified_gmt":"2026-08-31T16:56:58","slug":"xi-simposio-do-clero-leao-xiv-envia-mensagem-aos-sacerdotes-de-portugal-e-pede-que-rejeitem-entusiasmos-ingenuos-e-medos-estereis","status":"publish","type":"post","link":"https:\/\/agencia.ecclesia.pt\/portal\/xi-simposio-do-clero-leao-xiv-envia-mensagem-aos-sacerdotes-de-portugal-e-pede-que-rejeitem-entusiasmos-ingenuos-e-medos-estereis\/","title":{"rendered":"XI Simp\u00f3sio do Clero: Le\u00e3o XIV envia mensagem aos sacerdotes de Portugal e pede que rejeitem \u00abentusiasmos ing\u00e9nuos\u00bb e \u00abmedos est\u00e9reis\u00bb"},"content":{"rendered":"<p style=\"font-weight: 400;\"><em>N\u00fancio apost\u00f3lico em Portugal afirmou na sess\u00e3o de abertura que o segredo para um \u00absacerd\u00f3cio sadio \u00e9 n\u00e3o caminhar sozinhos\u00bb<\/em><\/p>\n<p><!--more--><\/p>\n<figure id=\"attachment_440271\" aria-describedby=\"caption-attachment-440271\" style=\"width: 1200px\" class=\"wp-caption alignnone\"><a href=\"https:\/\/agencia.ecclesia.pt\/portal\/wp-content\/uploads\/2026\/08\/XI-Simposio-do-Clero_4719.jpg\"><img fetchpriority=\"high\" decoding=\"async\" class=\"wp-image-440271 size-full\" src=\"https:\/\/agencia.ecclesia.pt\/portal\/wp-content\/uploads\/2026\/08\/XI-Simposio-do-Clero_4719.jpg\" alt=\"\" width=\"1200\" height=\"800\" srcset=\"https:\/\/agencia.ecclesia.pt\/portal\/wp-content\/uploads\/2026\/08\/XI-Simposio-do-Clero_4719.jpg 1200w, https:\/\/agencia.ecclesia.pt\/portal\/wp-content\/uploads\/2026\/08\/XI-Simposio-do-Clero_4719-400x267.jpg 400w, https:\/\/agencia.ecclesia.pt\/portal\/wp-content\/uploads\/2026\/08\/XI-Simposio-do-Clero_4719-1024x683.jpg 1024w, https:\/\/agencia.ecclesia.pt\/portal\/wp-content\/uploads\/2026\/08\/XI-Simposio-do-Clero_4719-768x512.jpg 768w, https:\/\/agencia.ecclesia.pt\/portal\/wp-content\/uploads\/2026\/08\/XI-Simposio-do-Clero_4719-391x260.jpg 391w\" sizes=\"(max-width: 1200px) 100vw, 1200px\" \/><\/a><figcaption id=\"caption-attachment-440271\" class=\"wp-caption-text\">Foto Ag\u00eancia ECCLESIA\/PR, XI Simp\u00f3sio do Clero<\/figcaption><\/figure>\n<p style=\"font-weight: 400;\">F\u00e1tima, 31 ago 2026 (Ecclesia) \u2013 O n\u00fancio apost\u00f3lico em Portugal presidiu hoje \u00e0 sess\u00e3o de abertura do XI Simp\u00f3sio do Clero, onde divulgou uma mensagem do Papa Le\u00e3o XIV dirigida aos participantes pedindo que rejeitem \u201centusiasmos ing\u00e9nuos\u201d e \u201cmedos est\u00e9reis\u201d.<\/p>\n<p style=\"font-weight: 400;\">\u201cNos diferentes encontros e nos di\u00e1logos mais informais, sem se aben\u00e7oarem em entusiasmos ing\u00e9nuos, nem se acalentarem medos est\u00e9reis, evitando-se palavras que humilham ou dividem, multiplique-se a franqueza que ilumina, aquece e abre caminhos\u201d, afirma a mensagem do Papa.<\/p>\n<p style=\"font-weight: 400;\">No texto lido D. Andr\u00e9s Carrascosa Coso, o Papa afirma que \u00e9 importante contar com a \u201cdiversidade e at\u00e9 com as tens\u00f5es\u201d no ambiente sacerdotal, porque \u201cde tudo se serve criativamente o Esp\u00edrito Santo ao reacender nos cora\u00e7\u00f5es o zelo pela miss\u00e3o comum\u201d.<\/p>\n<p style=\"font-weight: 400;\">Le\u00e3o XIV, que assina a mensagem, invoca para o clero de Portugal \u201ca sabedoria divina para o caminho conjunto\u201d, o \u201centusiasmo para os passos vacilantes\u201d e \u201co dom da unidade para todos\u201d.<\/p>\n<p style=\"font-weight: 400;\">O n\u00fancio apost\u00f3lico em Portugal, na comunica\u00e7\u00e3o que fez aos padres presentes, referiu-se \u00e0 autenticidade da vida sacerdotal, fundamentada na caridade, e disse que o trabalho conjunto \u00e9 o segredo para um \u201csacerd\u00f3cio sadio\u201d \u00e9 trabalho em conjunto.<\/p>\n<blockquote>\n<p style=\"font-weight: 400;\">A \u00fanica maneira de viver um sacerd\u00f3cio sadio \u00e9 a de n\u00e3o caminhar sozinhos\u201d.<\/p>\n<\/blockquote>\n<p>D. Andres Carrascosa Coso sublinhou que \u201cnenhum pastor existe sozinho\u201d e que, para acompanhar as pessoas, \u00e9 necess\u00e1rio \u201cter um acompanhamento espiritual\u201d.<\/p>\n<p style=\"font-weight: 400;\">\u201cNingu\u00e9m que n\u00e3o \u00e9 acompanhado, sabe acompanhar. Aqueles que deixam de receber orienta\u00e7\u00e3o, correm o risco de j\u00e1 n\u00e3o serem capazes de reconhecer aquilo que acontece no seu interior\u201d, afirmou.<\/p>\n<p style=\"font-weight: 400;\">O n\u00fancio apost\u00f3lico referiu-se ao clericalismo que \u201cfaz sofrer\u201d e \u00e9 uma \u201cferida na comunh\u00e3o\u201d e lembrou que a Igreja precisa de ministros, bispos, presb\u00edteros e di\u00e1conos que levem \u201co cora\u00e7\u00e3o do Evangelho\u201d.<\/p>\n<blockquote>\n<p style=\"font-weight: 400;\">A Igreja precisa de ministros que levem a s\u00e9rio, com radicalidade, o cora\u00e7\u00e3o do Evangelho, a s\u00edntese da Lei, colocando na base de todas as atividades, antes de todas as ocupa\u00e7\u00f5es pastorais, a caridade\u201d.<\/p>\n<\/blockquote>\n<p style=\"font-weight: 400;\">Na comunica\u00e7\u00e3o que fez aos participantes no XI Simp\u00f3sio do Clero, o n\u00fancio apost\u00f3lico alertou para \u201ccelebra\u00e7\u00f5es, bel\u00edssimas\u201d ou \u201cprogramas pastorais muito bem preparados\u201d, mas que podem \u201cser express\u00e3o sublime de uma realidade que n\u00e3o existe\u201d.<\/p>\n<p>D. Andres Carrascosa Coso referiu-se tamb\u00e9m \u00e0 necessidade da partilha das \u201cexperi\u00eancias de vida crist\u00e3\u201d, a \u201cajuda m\u00fatua, e at\u00e9 a comunh\u00e3o de bens, incluindo os bens materiais\u201d, alertando para os pedidos da \u201cvida individualista e at\u00e9 burguesa\u201d.<\/p>\n<p style=\"font-weight: 400;\">\u201c\u00c0s vezes, no interior do presbit\u00e9rio diocesano, infelizmente, n\u00e3o \u00e9 o amor rec\u00edproco aquilo que nos distingue\u201d, alertou, acrescentando que \u00e9 necess\u00e1rio \u201cformar para a comunh\u00e3o, formar para o trabalho em conjunto\u201d.<\/p>\n<figure id=\"attachment_440272\" aria-describedby=\"caption-attachment-440272\" style=\"width: 400px\" class=\"wp-caption alignleft\"><a href=\"https:\/\/agencia.ecclesia.pt\/portal\/wp-content\/uploads\/2026\/08\/XI-Simposio-do-Clero_4767.jpg\"><img decoding=\"async\" class=\"wp-image-440272 size-medium\" src=\"https:\/\/agencia.ecclesia.pt\/portal\/wp-content\/uploads\/2026\/08\/XI-Simposio-do-Clero_4767-400x267.jpg\" alt=\"\" width=\"400\" height=\"267\" srcset=\"https:\/\/agencia.ecclesia.pt\/portal\/wp-content\/uploads\/2026\/08\/XI-Simposio-do-Clero_4767-400x267.jpg 400w, https:\/\/agencia.ecclesia.pt\/portal\/wp-content\/uploads\/2026\/08\/XI-Simposio-do-Clero_4767-1024x683.jpg 1024w, https:\/\/agencia.ecclesia.pt\/portal\/wp-content\/uploads\/2026\/08\/XI-Simposio-do-Clero_4767-768x512.jpg 768w, https:\/\/agencia.ecclesia.pt\/portal\/wp-content\/uploads\/2026\/08\/XI-Simposio-do-Clero_4767-391x260.jpg 391w, https:\/\/agencia.ecclesia.pt\/portal\/wp-content\/uploads\/2026\/08\/XI-Simposio-do-Clero_4767.jpg 1200w\" sizes=\"(max-width: 400px) 100vw, 400px\" \/><\/a><figcaption id=\"caption-attachment-440272\" class=\"wp-caption-text\">Foto Ag\u00eancia ECCLESIA\/PR, XI Simp\u00f3sio do Clero<\/figcaption><\/figure>\n<p>A sess\u00e3o de abertura iniciou com a comunica\u00e7\u00e3o de D. Vitorino Soares, presidente da Comiss\u00e3o Episcopal Voca\u00e7\u00f5es e Minist\u00e9rios, que promove o Simp\u00f3sio do Clero, que se referiu aos trabalhos que decorrem em F\u00e1tima como \u201cum tempo especial de encontro, de comunh\u00e3o e de visibilidade da Igreja\u201d.<\/p>\n<p style=\"font-weight: 400;\">\u201cEste tema do simp\u00f3sio e o estilo do programa convida-nos a redescobrir a beleza de caminharmos juntos, fortalecendo os v\u00ednculos de fraternidade, partilhando a vida e renovando o compromisso evangelizador da Igreja\u201d, afirmou.<\/p>\n<p>D. Vitorino Soares lembrou que o XI\u00ba Simp\u00f3sio n\u00e3o vai ter o formato habitual de confer\u00eancias sucessivas, mas acompanha os resultados de um inqu\u00e9rito sobre os \u201cDesafios da Vida Sacerdotal em Portugal\u201d, realizado anonimamente entre os participantes do Simp\u00f3sio do Clero.<\/p>\n<p style=\"font-weight: 400;\">Para al\u00e9m de informa\u00e7\u00f5es sociodemogr\u00e1ficas, o inqu\u00e9rito indica dados sobre o \u201ccuidado de cada padre consigo mesmo, a n\u00edvel emocional, espiritual e psicol\u00f3gico, tendo em vista a reflex\u00e3o em torno da integra\u00e7\u00e3o psico-espiritual na vida e exerc\u00edcio do minist\u00e9rio pastoral\u201d.<\/p>\n<p>A 11\u00aa edi\u00e7\u00e3o do Simp\u00f3sio do Clero de Portugal decorre at\u00e9 ao dia 3 de setembro, no Centro Paulo VI, em F\u00e1tima, e tem por \u00a0tema \u00abIrm\u00e3os no sacerd\u00f3cio e testemunhas do Evangelho\u00bb<\/p>\n<div id='gallery-1' class='gallery galleryid-440270 gallery-columns-3 gallery-size-medium'><figure class='gallery-item'>\n\t\t\t<div class='gallery-icon landscape'>\n\t\t\t\t<a href='https:\/\/agencia.ecclesia.pt\/portal\/wp-content\/uploads\/2026\/08\/XI-Simposio-do-Clero_4756.jpg'><img decoding=\"async\" width=\"400\" height=\"267\" src=\"https:\/\/agencia.ecclesia.pt\/portal\/wp-content\/uploads\/2026\/08\/XI-Simposio-do-Clero_4756-400x267.jpg\" class=\"attachment-medium size-medium\" alt=\"\" aria-describedby=\"gallery-1-440273\" srcset=\"https:\/\/agencia.ecclesia.pt\/portal\/wp-content\/uploads\/2026\/08\/XI-Simposio-do-Clero_4756-400x267.jpg 400w, https:\/\/agencia.ecclesia.pt\/portal\/wp-content\/uploads\/2026\/08\/XI-Simposio-do-Clero_4756-1024x683.jpg 1024w, https:\/\/agencia.ecclesia.pt\/portal\/wp-content\/uploads\/2026\/08\/XI-Simposio-do-Clero_4756-768x512.jpg 768w, https:\/\/agencia.ecclesia.pt\/portal\/wp-content\/uploads\/2026\/08\/XI-Simposio-do-Clero_4756-391x260.jpg 391w, https:\/\/agencia.ecclesia.pt\/portal\/wp-content\/uploads\/2026\/08\/XI-Simposio-do-Clero_4756.jpg 1200w\" sizes=\"(max-width: 400px) 100vw, 400px\" \/><\/a>\n\t\t\t<\/div>\n\t\t\t\t<figcaption class='wp-caption-text gallery-caption' id='gallery-1-440273'>\n\t\t\t\tFoto Ag\u00eancia ECCLESIA\/PR, XI Simp\u00f3sio do Clero\n\t\t\t\t<\/figcaption><\/figure><figure class='gallery-item'>\n\t\t\t<div class='gallery-icon landscape'>\n\t\t\t\t<a href='https:\/\/agencia.ecclesia.pt\/portal\/wp-content\/uploads\/2026\/08\/XI-Simposio-do-Clero_4722.jpg'><img loading=\"lazy\" decoding=\"async\" width=\"400\" height=\"267\" src=\"https:\/\/agencia.ecclesia.pt\/portal\/wp-content\/uploads\/2026\/08\/XI-Simposio-do-Clero_4722-400x267.jpg\" class=\"attachment-medium size-medium\" alt=\"\" aria-describedby=\"gallery-1-440281\" srcset=\"https:\/\/agencia.ecclesia.pt\/portal\/wp-content\/uploads\/2026\/08\/XI-Simposio-do-Clero_4722-400x267.jpg 400w, https:\/\/agencia.ecclesia.pt\/portal\/wp-content\/uploads\/2026\/08\/XI-Simposio-do-Clero_4722-1024x683.jpg 1024w, https:\/\/agencia.ecclesia.pt\/portal\/wp-content\/uploads\/2026\/08\/XI-Simposio-do-Clero_4722-768x512.jpg 768w, https:\/\/agencia.ecclesia.pt\/portal\/wp-content\/uploads\/2026\/08\/XI-Simposio-do-Clero_4722-391x260.jpg 391w, https:\/\/agencia.ecclesia.pt\/portal\/wp-content\/uploads\/2026\/08\/XI-Simposio-do-Clero_4722.jpg 1200w\" sizes=\"(max-width: 400px) 100vw, 400px\" \/><\/a>\n\t\t\t<\/div>\n\t\t\t\t<figcaption class='wp-caption-text gallery-caption' id='gallery-1-440281'>\n\t\t\t\tFoto Ag\u00eancia ECCLESIA\/PR, XI Simp\u00f3sio do Clero\n\t\t\t\t<\/figcaption><\/figure><figure class='gallery-item'>\n\t\t\t<div class='gallery-icon landscape'>\n\t\t\t\t<a href='https:\/\/agencia.ecclesia.pt\/portal\/wp-content\/uploads\/2026\/08\/XI-Simposio-do-Clero_4728.jpg'><img loading=\"lazy\" decoding=\"async\" width=\"400\" height=\"267\" src=\"https:\/\/agencia.ecclesia.pt\/portal\/wp-content\/uploads\/2026\/08\/XI-Simposio-do-Clero_4728-400x267.jpg\" class=\"attachment-medium size-medium\" alt=\"\" aria-describedby=\"gallery-1-440278\" srcset=\"https:\/\/agencia.ecclesia.pt\/portal\/wp-content\/uploads\/2026\/08\/XI-Simposio-do-Clero_4728-400x267.jpg 400w, https:\/\/agencia.ecclesia.pt\/portal\/wp-content\/uploads\/2026\/08\/XI-Simposio-do-Clero_4728-1024x683.jpg 1024w, https:\/\/agencia.ecclesia.pt\/portal\/wp-content\/uploads\/2026\/08\/XI-Simposio-do-Clero_4728-768x512.jpg 768w, https:\/\/agencia.ecclesia.pt\/portal\/wp-content\/uploads\/2026\/08\/XI-Simposio-do-Clero_4728-391x260.jpg 391w, https:\/\/agencia.ecclesia.pt\/portal\/wp-content\/uploads\/2026\/08\/XI-Simposio-do-Clero_4728.jpg 1200w\" sizes=\"(max-width: 400px) 100vw, 400px\" \/><\/a>\n\t\t\t<\/div>\n\t\t\t\t<figcaption class='wp-caption-text gallery-caption' id='gallery-1-440278'>\n\t\t\t\tFoto Ag\u00eancia ECCLESIA\/PR, XI Simp\u00f3sio do Clero\n\t\t\t\t<\/figcaption><\/figure><figure class='gallery-item'>\n\t\t\t<div class='gallery-icon landscape'>\n\t\t\t\t<a href='https:\/\/agencia.ecclesia.pt\/portal\/wp-content\/uploads\/2026\/08\/XI-Simposio-do-Clero_4735.jpg'><img loading=\"lazy\" decoding=\"async\" width=\"400\" height=\"267\" src=\"https:\/\/agencia.ecclesia.pt\/portal\/wp-content\/uploads\/2026\/08\/XI-Simposio-do-Clero_4735-400x267.jpg\" class=\"attachment-medium size-medium\" alt=\"\" aria-describedby=\"gallery-1-440276\" srcset=\"https:\/\/agencia.ecclesia.pt\/portal\/wp-content\/uploads\/2026\/08\/XI-Simposio-do-Clero_4735-400x267.jpg 400w, https:\/\/agencia.ecclesia.pt\/portal\/wp-content\/uploads\/2026\/08\/XI-Simposio-do-Clero_4735-1024x683.jpg 1024w, https:\/\/agencia.ecclesia.pt\/portal\/wp-content\/uploads\/2026\/08\/XI-Simposio-do-Clero_4735-768x512.jpg 768w, https:\/\/agencia.ecclesia.pt\/portal\/wp-content\/uploads\/2026\/08\/XI-Simposio-do-Clero_4735-391x260.jpg 391w, https:\/\/agencia.ecclesia.pt\/portal\/wp-content\/uploads\/2026\/08\/XI-Simposio-do-Clero_4735.jpg 1200w\" sizes=\"(max-width: 400px) 100vw, 400px\" \/><\/a>\n\t\t\t<\/div>\n\t\t\t\t<figcaption class='wp-caption-text gallery-caption' id='gallery-1-440276'>\n\t\t\t\tFoto Ag\u00eancia ECCLESIA\/PR, XI Simp\u00f3sio do Clero\n\t\t\t\t<\/figcaption><\/figure><figure class='gallery-item'>\n\t\t\t<div class='gallery-icon landscape'>\n\t\t\t\t<a href='https:\/\/agencia.ecclesia.pt\/portal\/wp-content\/uploads\/2026\/08\/XI-Simposio-do-Clero_4752.jpg'><img loading=\"lazy\" decoding=\"async\" width=\"400\" height=\"267\" src=\"https:\/\/agencia.ecclesia.pt\/portal\/wp-content\/uploads\/2026\/08\/XI-Simposio-do-Clero_4752-400x267.jpg\" class=\"attachment-medium size-medium\" alt=\"\" aria-describedby=\"gallery-1-440274\" srcset=\"https:\/\/agencia.ecclesia.pt\/portal\/wp-content\/uploads\/2026\/08\/XI-Simposio-do-Clero_4752-400x267.jpg 400w, https:\/\/agencia.ecclesia.pt\/portal\/wp-content\/uploads\/2026\/08\/XI-Simposio-do-Clero_4752-1024x683.jpg 1024w, https:\/\/agencia.ecclesia.pt\/portal\/wp-content\/uploads\/2026\/08\/XI-Simposio-do-Clero_4752-768x512.jpg 768w, https:\/\/agencia.ecclesia.pt\/portal\/wp-content\/uploads\/2026\/08\/XI-Simposio-do-Clero_4752-391x260.jpg 391w, https:\/\/agencia.ecclesia.pt\/portal\/wp-content\/uploads\/2026\/08\/XI-Simposio-do-Clero_4752.jpg 1200w\" sizes=\"(max-width: 400px) 100vw, 400px\" \/><\/a>\n\t\t\t<\/div>\n\t\t\t\t<figcaption class='wp-caption-text gallery-caption' id='gallery-1-440274'>\n\t\t\t\tFoto Ag\u00eancia ECCLESIA\/PR, XI Simp\u00f3sio do Clero\n\t\t\t\t<\/figcaption><\/figure>\n\t\t<\/div>\n\n<p><em>PR<\/em><\/p>\n","protected":false},"excerpt":{"rendered":"<p>N\u00fancio apost\u00f3lico em Portugal afirmou na sess\u00e3o de abertura que o segredo para um \u00absacerd\u00f3cio sadio \u00e9 n\u00e3o caminhar sozinhos\u00bb<\/p>\n","protected":false},"author":5,"featured_media":440282,"comment_status":"closed","ping_status":"closed","sticky":false,"template":"","format":"standard","meta":{"site-sidebar-layout":"default","site-content-layout":"","ast-site-content-layout":"default","site-content-style":"default","site-sidebar-style":"default","ast-global-header-display":"","ast-banner-title-visibility":"","ast-main-header-display":"","ast-hfb-above-header-display":"","ast-hfb-below-header-display":"","ast-hfb-mobile-header-display":"","site-post-title":"","ast-breadcrumbs-content":"","ast-featured-img":"","footer-sml-layout":"","ast-disable-related-posts":"","theme-transparent-header-meta":"default","adv-header-id-meta":"","stick-header-meta":"default","header-above-stick-meta":"","header-main-stick-meta":"","header-below-stick-meta":"","astra-migrate-meta-layouts":"set","ast-page-background-enabled":"default","ast-page-background-meta":{"desktop":{"background-color":"var(--ast-global-color-4)","background-image":"","background-repeat":"repeat","background-position":"center center","background-size":"auto","background-attachment":"scroll","background-type":"","background-media":"","overlay-type":"","overlay-color":"","overlay-opacity":"","overlay-gradient":""},"tablet":{"background-color":"","background-image":"","background-repeat":"repeat","background-position":"center center","background-size":"auto","background-attachment":"scroll","background-type":"","background-media":"","overlay-type":"","overlay-color":"","overlay-opacity":"","overlay-gradient":""},"mobile":{"background-color":"","background-image":"","background-repeat":"repeat","background-position":"center center","background-size":"auto","background-attachment":"scroll","background-type":"","background-media":"","overlay-type":"","overlay-color":"","overlay-opacity":"","overlay-gradient":""}},"ast-content-background-meta":{"desktop":{"background-color":"var(--ast-global-color-5)","background-image":"","background-repeat":"repeat","background-position":"center center","background-size":"auto","background-attachment":"scroll","background-type":"","background-media":"","overlay-type":"","overlay-color":"","overlay-opacity":"","overlay-gradient":""},"tablet":{"background-color":"var(--ast-global-color-5)","background-image":"","background-repeat":"repeat","background-position":"center center","background-size":"auto","background-attachment":"scroll","background-type":"","background-media":"","overlay-type":"","overlay-color":"","overlay-opacity":"","overlay-gradient":""},"mobile":{"background-color":"var(--ast-global-color-5)","background-image":"","background-repeat":"repeat","background-position":"center center","background-size":"auto","background-attachment":"scroll","background-type":"","background-media":"","overlay-type":"","overlay-color":"","overlay-opacity":"","overlay-gradient":""}},"footnotes":""},"categories":[66,3],"tags":[338,147],"class_list":["post-440270","post","type-post","status-publish","format-standard","has-post-thumbnail","hentry","category-manchete2","category-nacional","tag-clero-seminarios-e-vocacoes","tag-conferencia-episcopal-portuguesa"],"_links":{"self":[{"href":"https:\/\/agencia.ecclesia.pt\/portal\/wp-json\/wp\/v2\/posts\/440270","targetHints":{"allow":["GET"]}}],"collection":[{"href":"https:\/\/agencia.ecclesia.pt\/portal\/wp-json\/wp\/v2\/posts"}],"about":[{"href":"https:\/\/agencia.ecclesia.pt\/portal\/wp-json\/wp\/v2\/types\/post"}],"author":[{"embeddable":true,"href":"https:\/\/agencia.ecclesia.pt\/portal\/wp-json\/wp\/v2\/users\/5"}],"replies":[{"embeddable":true,"href":"https:\/\/agencia.ecclesia.pt\/portal\/wp-json\/wp\/v2\/comments?post=440270"}],"version-history":[{"count":7,"href":"https:\/\/agencia.ecclesia.pt\/portal\/wp-json\/wp\/v2\/posts\/440270\/revisions"}],"predecessor-version":[{"id":440301,"href":"https:\/\/agencia.ecclesia.pt\/portal\/wp-json\/wp\/v2\/posts\/440270\/revisions\/440301"}],"wp:featuredmedia":[{"embeddable":true,"href":"https:\/\/agencia.ecclesia.pt\/portal\/wp-json\/wp\/v2\/media\/440282"}],"wp:attachment":[{"href":"https:\/\/agencia.ecclesia.pt\/portal\/wp-json\/wp\/v2\/media?parent=440270"}],"wp:term":[{"taxonomy":"category","embeddable":true,"href":"https:\/\/agencia.ecclesia.pt\/portal\/wp-json\/wp\/v2\/categories?post=440270"},{"taxonomy":"post_tag","embeddable":true,"href":"https:\/\/agencia.ecclesia.pt\/portal\/wp-json\/wp\/v2\/tags?post=440270"}],"curies":[{"name":"wp","href":"https:\/\/api.w.org\/{rel}","templated":true}]}}