{"id":440259,"date":"2026-08-31T15:02:31","date_gmt":"2026-08-31T14:02:31","guid":{"rendered":"https:\/\/agencia.ecclesia.pt\/portal\/?p=440259"},"modified":"2026-08-31T15:10:34","modified_gmt":"2026-08-31T14:10:34","slug":"ecologia-responsaveis-catolicos-apelam-a-vida-mais-frugal-e-recusam-economia-de-guerra","status":"publish","type":"post","link":"https:\/\/agencia.ecclesia.pt\/portal\/ecologia-responsaveis-catolicos-apelam-a-vida-mais-frugal-e-recusam-economia-de-guerra\/","title":{"rendered":"Ecologia: Respons\u00e1veis cat\u00f3licos apelam a vida \u00abmais frugal\u00bb e recusam economia de guerra"},"content":{"rendered":"<p><em>Igrejas crist\u00e3s celebram \u00abTempo da Cria\u00e7\u00e3o\u00bb, iniciativa ecum\u00e9nica e ambiental que une milh\u00f5es de pessoas<\/em><!--more--><\/p>\n<div class=\"epyt-video-wrapper\"><iframe  id=\"_ytid_25467\"  width=\"480\" height=\"270\"  data-origwidth=\"480\" data-origheight=\"270\" src=\"https:\/\/www.youtube.com\/embed\/wqTHL8eDdqI?enablejsapi=1&#038;autoplay=0&#038;cc_load_policy=0&#038;cc_lang_pref=pt&#038;iv_load_policy=1&#038;loop=0&#038;rel=0&#038;fs=1&#038;playsinline=1&#038;autohide=2&#038;theme=dark&#038;color=red&#038;controls=1&#038;disablekb=0&#038;\" class=\"__youtube_prefs__  epyt-is-override  no-lazyload\" title=\"YouTube player\"  allow=\"fullscreen; accelerometer; autoplay; clipboard-write; encrypted-media; gyroscope; picture-in-picture; web-share\" referrerpolicy=\"strict-origin-when-cross-origin\" allowfullscreen data-no-lazy=\"1\" data-skipgform_ajax_framebjll=\"\"><\/iframe><\/div>\n<p>Lisboa, 31 ago 2026 (Ecclesia) \u2013 Secundino Correia, membro do C\u00edrculo \u2018Laudato Si\u2019 de Coimbra, apelou \u00e0 ado\u00e7\u00e3o urgente de uma vida \u201cmais frugal&#8221; para combater a espiral de degrada\u00e7\u00e3o ambiental.<\/p>\n<p>&#8220;Temos mesmo de alterar os nossos comportamentos, os nossos h\u00e1bitos, ir para uma forma mais frugal de viver, repensar o que \u00e9 o progresso e o que \u00e9 o desenvolvimento&#8221;, desafiou o convidado do Programa ECCLESIA (RTP2) desta segunda-feira.<\/p>\n<p>O alerta coincidiu com a caminhada \u2018Passos pela Paz\u2019, uma iniciativa c\u00edvica que j\u00e1 conta com a ades\u00e3o de oito cidades portuguesas, para travar a destrui\u00e7\u00e3o provocada pela guerra.<\/p>\n<blockquote><p>A minha rela\u00e7\u00e3o com a cria\u00e7\u00e3o tamb\u00e9m tem de ser uma rela\u00e7\u00e3o de paz e n\u00e3o de saque, que \u00e9 aquilo que acontece muitas vezes. Esta caminhada tem esta dimens\u00e3o de caminhar concretamente pela paz para me converter pessoalmente e para chamar a aten\u00e7\u00e3o dos poderes e das entidades p\u00fablicas que h\u00e1 de dar passos concretos porque num mundo em conflito todos perdem. Mesmo quem ganha a guerra perde.\u201d<\/p><\/blockquote>\n<p>&nbsp;<\/p>\n<p>A emiss\u00e3o televisiva aborda o in\u00edcio do \u201cTempo da Cria\u00e7\u00e3o\u201d, iniciativa ecum\u00e9nica e ambiental que une milh\u00f5es de crist\u00e3o em todo o mundo para momentos de ora\u00e7\u00e3o e de a\u00e7\u00e3o ecol\u00f3gica.<\/p>\n<p>Susana R\u00e9fega, do Movimento \u2018Laudato Si\u2019, destaca que a separa\u00e7\u00e3o artificial das problem\u00e1ticas globais esconde a raiz do desastre em curso, porque &#8220;n\u00e3o h\u00e1 duas crises, h\u00e1 uma \u00fanica crise&#8221; que atinge de forma implac\u00e1vel as popula\u00e7\u00f5es vulner\u00e1veis.<\/p>\n<p>&#8220;Somos estas criaturas num ecossistema com outras criaturas, mas somos todas criaturas criadas por Deus neste projeto de amor que implica tamb\u00e9m uma corresponsabilidade uns pelos outros&#8221;, sublinhou a respons\u00e1vel.<\/p>\n<p>A celebra\u00e7\u00e3o do \u2018Tempo da Cria\u00e7\u00e3o\u2019, que se prolonga at\u00e9 4 de outubro, tem este ano a \u00e1gua como tema central, num mundo onde &#8220;uma em cada quatro pessoas&#8221; vive privada deste bem essencial, recordou Susana R\u00e9fega.<\/p>\n<p>Secundino Correia alerta, por sua vez, que \u201ch\u00e1 muitos interesses econ\u00f3micos que se metem pelo meio e que tentam negar, por exemplo, as altera\u00e7\u00f5es clim\u00e1ticas\u201d.<\/p>\n<p>O arranque oficial deste per\u00edodo de ora\u00e7\u00e3o e reflex\u00e3o acontece na ter\u00e7a-feira, contando com uma mensagem escrita pelo Papa Le\u00e3o XIV, que denunciou a destrui\u00e7\u00e3o socioecol\u00f3gica duradoura provocada pelos confrontos armados.<\/p>\n<p>&#8220;Cuidar da nossa casa comum exige uma convers\u00e3o do cora\u00e7\u00e3o, para que aquilo que tem sido utilizado para causar destrui\u00e7\u00e3o possa, em vez disso, ser orientado para a vida&#8221;, <a href=\"https:\/\/agencia.ecclesia.pt\/portal\/ecologia-papa-associa-se-a-iniciativa-ecumenica-alertando-para-mundo-ferido-pela-guerra\/\" target=\"_blank\" rel=\"noopener\">apelou<\/a> o pont\u00edfice no \u00faltimo domingo, ao antecipar o Dia Mundial de Ora\u00e7\u00e3o pelo Cuidado da Cria\u00e7\u00e3o.<\/p>\n<p><em>PR\/OC<\/em><\/p>\n","protected":false},"excerpt":{"rendered":"<p>Igrejas crist\u00e3s celebram \u00abTempo da Cria\u00e7\u00e3o\u00bb, iniciativa ecum\u00e9nica e ambiental que une milh\u00f5es de pessoas<\/p>\n","protected":false},"author":2,"featured_media":440232,"comment_status":"closed","ping_status":"closed","sticky":false,"template":"","format":"standard","meta":{"site-sidebar-layout":"default","site-content-layout":"","ast-site-content-layout":"default","site-content-style":"default","site-sidebar-style":"default","ast-global-header-display":"","ast-banner-title-visibility":"","ast-main-header-display":"","ast-hfb-above-header-display":"","ast-hfb-below-header-display":"","ast-hfb-mobile-header-display":"","site-post-title":"","ast-breadcrumbs-content":"","ast-featured-img":"","footer-sml-layout":"","ast-disable-related-posts":"","theme-transparent-header-meta":"default","adv-header-id-meta":"","stick-header-meta":"default","header-above-stick-meta":"","header-main-stick-meta":"","header-below-stick-meta":"","astra-migrate-meta-layouts":"set","ast-page-background-enabled":"default","ast-page-background-meta":{"desktop":{"background-color":"var(--ast-global-color-4)","background-image":"","background-repeat":"repeat","background-position":"center center","background-size":"auto","background-attachment":"scroll","background-type":"","background-media":"","overlay-type":"","overlay-color":"","overlay-opacity":"","overlay-gradient":""},"tablet":{"background-color":"","background-image":"","background-repeat":"repeat","background-position":"center center","background-size":"auto","background-attachment":"scroll","background-type":"","background-media":"","overlay-type":"","overlay-color":"","overlay-opacity":"","overlay-gradient":""},"mobile":{"background-color":"","background-image":"","background-repeat":"repeat","background-position":"center center","background-size":"auto","background-attachment":"scroll","background-type":"","background-media":"","overlay-type":"","overlay-color":"","overlay-opacity":"","overlay-gradient":""}},"ast-content-background-meta":{"desktop":{"background-color":"var(--ast-global-color-5)","background-image":"","background-repeat":"repeat","background-position":"center center","background-size":"auto","background-attachment":"scroll","background-type":"","background-media":"","overlay-type":"","overlay-color":"","overlay-opacity":"","overlay-gradient":""},"tablet":{"background-color":"var(--ast-global-color-5)","background-image":"","background-repeat":"repeat","background-position":"center center","background-size":"auto","background-attachment":"scroll","background-type":"","background-media":"","overlay-type":"","overlay-color":"","overlay-opacity":"","overlay-gradient":""},"mobile":{"background-color":"var(--ast-global-color-5)","background-image":"","background-repeat":"repeat","background-position":"center center","background-size":"auto","background-attachment":"scroll","background-type":"","background-media":"","overlay-type":"","overlay-color":"","overlay-opacity":"","overlay-gradient":""}},"footnotes":""},"categories":[55,3,980],"tags":[414,192,195],"class_list":["post-440259","post","type-post","status-publish","format-standard","has-post-thumbnail","hentry","category-manchete","category-nacional","category-video","tag-ecologia","tag-ecumenismo","tag-enciclica-laudato-si"],"_links":{"self":[{"href":"https:\/\/agencia.ecclesia.pt\/portal\/wp-json\/wp\/v2\/posts\/440259","targetHints":{"allow":["GET"]}}],"collection":[{"href":"https:\/\/agencia.ecclesia.pt\/portal\/wp-json\/wp\/v2\/posts"}],"about":[{"href":"https:\/\/agencia.ecclesia.pt\/portal\/wp-json\/wp\/v2\/types\/post"}],"author":[{"embeddable":true,"href":"https:\/\/agencia.ecclesia.pt\/portal\/wp-json\/wp\/v2\/users\/2"}],"replies":[{"embeddable":true,"href":"https:\/\/agencia.ecclesia.pt\/portal\/wp-json\/wp\/v2\/comments?post=440259"}],"version-history":[{"count":2,"href":"https:\/\/agencia.ecclesia.pt\/portal\/wp-json\/wp\/v2\/posts\/440259\/revisions"}],"predecessor-version":[{"id":440269,"href":"https:\/\/agencia.ecclesia.pt\/portal\/wp-json\/wp\/v2\/posts\/440259\/revisions\/440269"}],"wp:featuredmedia":[{"embeddable":true,"href":"https:\/\/agencia.ecclesia.pt\/portal\/wp-json\/wp\/v2\/media\/440232"}],"wp:attachment":[{"href":"https:\/\/agencia.ecclesia.pt\/portal\/wp-json\/wp\/v2\/media?parent=440259"}],"wp:term":[{"taxonomy":"category","embeddable":true,"href":"https:\/\/agencia.ecclesia.pt\/portal\/wp-json\/wp\/v2\/categories?post=440259"},{"taxonomy":"post_tag","embeddable":true,"href":"https:\/\/agencia.ecclesia.pt\/portal\/wp-json\/wp\/v2\/tags?post=440259"}],"curies":[{"name":"wp","href":"https:\/\/api.w.org\/{rel}","templated":true}]}}