{"id":440251,"date":"2026-08-31T12:45:22","date_gmt":"2026-08-31T11:45:22","guid":{"rendered":"https:\/\/agencia.ecclesia.pt\/portal\/?p=440251"},"modified":"2026-08-31T12:45:22","modified_gmt":"2026-08-31T11:45:22","slug":"publicacoes-ecologia-digital-desafia-a-pensar-a-tecnologia-para-la-da-inteligencia-artificial","status":"publish","type":"post","link":"https:\/\/agencia.ecclesia.pt\/portal\/publicacoes-ecologia-digital-desafia-a-pensar-a-tecnologia-para-la-da-inteligencia-artificial\/","title":{"rendered":"Publica\u00e7\u00f5es: \u00abEcologia Digital\u00bb desafia a pensar a tecnologia para l\u00e1 da Intelig\u00eancia Artificial"},"content":{"rendered":"<p><em>Obra resulta da investiga\u00e7\u00e3o desenvolvida no Centro de Investiga\u00e7\u00e3o em Teologia e Estudos de Religi\u00e3o (CITER) da UCP<\/em><!--more--><\/p>\n<p><img fetchpriority=\"high\" decoding=\"async\" class=\"size-medium wp-image-440252 alignright\" src=\"https:\/\/agencia.ecclesia.pt\/portal\/wp-content\/uploads\/2026\/08\/EcologiaDigital_capa-209x280.jpg\" alt=\"\" width=\"209\" height=\"280\" srcset=\"https:\/\/agencia.ecclesia.pt\/portal\/wp-content\/uploads\/2026\/08\/EcologiaDigital_capa-209x280.jpg 209w, https:\/\/agencia.ecclesia.pt\/portal\/wp-content\/uploads\/2026\/08\/EcologiaDigital_capa-300x400.jpg 300w, https:\/\/agencia.ecclesia.pt\/portal\/wp-content\/uploads\/2026\/08\/EcologiaDigital_capa.jpg 447w\" sizes=\"(max-width: 209px) 100vw, 209px\" \/>Lisboa, 31 ago 2026 (Ecclesia) \u2013 O Centro de Investiga\u00e7\u00e3o em Teologia e Estudos de Religi\u00e3o (CITER) da Universidade Cat\u00f3lica Portuguesa (UCP) lan\u00e7ou a obra \u201cEcologia digital\u201d, em que convida a pensar a tecnologia para l\u00e1 da intelig\u00eancia artificial (IA)<\/p>\n<p>\u201cNum contexto em que a IA, os algoritmos e as plataformas digitais assumem um papel cada vez mais determinante na comunica\u00e7\u00e3o, no trabalho e na tomada de decis\u00f5es, a obra \u2018Ecologia Digital\u2019 prop\u00f5e uma reflex\u00e3o cr\u00edtica sobre os desafios \u00e9ticos, sociais e ambientais da transforma\u00e7\u00e3o digital e sobre a forma como habitamos este novo ecossistema tecnol\u00f3gico\u201d, refere um comunicado enviado \u00e0 Ag\u00eancia ECCLESIA.<\/p>\n<p>Coordenado por Lu\u00eds Miguel Figueiredo Rodrigues (UCP), Alex Villas Boas (UCP), Alexandre Palma (UCP) e Fabiano Incerti (Pontif\u00edcia Universidade Cat\u00f3lica do Paran\u00e1), o livro resulta da investiga\u00e7\u00e3o desenvolvida no CITER da Faculdade de Teologia UCP, integrando a cole\u00e7\u00e3o \u2018Cuidar da Casa Comum\u2019.<\/p>\n<p>Uma das ideias centrais da obra \u00e9 a liga\u00e7\u00e3o entre \u201ca crise ambiental e a transforma\u00e7\u00e3o digital\u201d.<\/p>\n<p>\u201cA crise ambiental, a fragmenta\u00e7\u00e3o social e os desequil\u00edbrios digitais n\u00e3o s\u00e3o problemas isolados. S\u00e3o manifesta\u00e7\u00f5es da mesma crise na forma como nos relacionamos connosco, com os outros, com a natureza e com a tecnologia. Cuidar da Casa Comum \u00e9 aprender a habitar de forma respons\u00e1vel o mundo contempor\u00e2neo, das florestas aos ecr\u00e3s, dos rios aos algoritmos\u201d, explica Lu\u00eds Miguel Figueiredo Rodrigues, diretor da Faculdade de Teologia da UCP.<\/p>\n<p>Um ensaio inclu\u00eddo na obra coletiva desafia a Igreja a repensar a evangeliza\u00e7\u00e3o nas redes sociais atrav\u00e9s de uma presen\u00e7a relacional fundamentada no di\u00e1logo e na fraternidade aut\u00eantica.<\/p>\n<p>&#8220;Se o an\u00fancio do Evangelho \u00e9 uma quest\u00e3o de presen\u00e7a da Igreja nas ruas do mundo, ent\u00e3o sair para as ruas digitais implica um processo de discernimento sobre o estilo da presen\u00e7a eclesial&#8221;, sustenta o te\u00f3logo Rocco Predoti.<\/p>\n<p>A constante evolu\u00e7\u00e3o dos algoritmos e a migra\u00e7\u00e3o das novas gera\u00e7\u00f5es para comunidades de conversa\u00e7\u00e3o fechada imp\u00f5em metodologias de catequese que ultrapassem a simples partilha massiva de publica\u00e7\u00f5es, alerta o autor.<\/p>\n<p>O livro \u201cevita tanto o entusiasmo acr\u00edtico como a vis\u00e3o pessimista da inova\u00e7\u00e3o tecnol\u00f3gica, refletindo sobre temas como a IA, os algoritmos, as redes sociais, a \u00e9tica da comunica\u00e7\u00e3o, a literacia medi\u00e1tica, a democracia, a educa\u00e7\u00e3o, as transforma\u00e7\u00f5es cognitivas e o papel dos mitos tecnol\u00f3gicos na interpreta\u00e7\u00e3o da realidade\u201d, indica o CITER.<\/p>\n<p>O livro aborda fen\u00f3menos como o colonialismo digital, a concentra\u00e7\u00e3o de poder nas grandes plataformas tecnol\u00f3gicas e os desafios colocados pela recolha massiva de dados, sublinhando que o futuro digital depende das escolhas coletivas, das pol\u00edticas p\u00fablicas, da educa\u00e7\u00e3o e da responsabilidade dos cidad\u00e3os.<\/p>\n<p>Com pref\u00e1cio de Antonio Spadaro, subsecret\u00e1rio do Dicast\u00e9rio para a Cultura e a Educa\u00e7\u00e3o, \u201c<a href=\"https:\/\/openbooks.ucp.pt\/ucp\/catalog\/book\/298\" target=\"_blank\" rel=\"noopener\">Ecologia Digital<\/a>\u201d (Universidade Cat\u00f3lica Editora) re\u00fane contributos de investigadores das \u00e1reas da teologia, filosofia, comunica\u00e7\u00e3o, educa\u00e7\u00e3o e cultura digital, procurando oferecer crit\u00e9rios para uma utiliza\u00e7\u00e3o da tecnologia mais humana, respons\u00e1vel e sustent\u00e1vel.<\/p>\n<p><em>OC <\/em><\/p>\n","protected":false},"excerpt":{"rendered":"<p>Obra resulta da investiga\u00e7\u00e3o desenvolvida no Centro de Investiga\u00e7\u00e3o em Teologia e Estudos de Religi\u00e3o (CITER) da UCP<\/p>\n","protected":false},"author":2,"featured_media":440253,"comment_status":"closed","ping_status":"closed","sticky":false,"template":"","format":"standard","meta":{"site-sidebar-layout":"default","site-content-layout":"","ast-site-content-layout":"default","site-content-style":"default","site-sidebar-style":"default","ast-global-header-display":"","ast-banner-title-visibility":"","ast-main-header-display":"","ast-hfb-above-header-display":"","ast-hfb-below-header-display":"","ast-hfb-mobile-header-display":"","site-post-title":"","ast-breadcrumbs-content":"","ast-featured-img":"","footer-sml-layout":"","ast-disable-related-posts":"","theme-transparent-header-meta":"default","adv-header-id-meta":"","stick-header-meta":"default","header-above-stick-meta":"","header-main-stick-meta":"","header-below-stick-meta":"","astra-migrate-meta-layouts":"set","ast-page-background-enabled":"default","ast-page-background-meta":{"desktop":{"background-color":"var(--ast-global-color-4)","background-image":"","background-repeat":"repeat","background-position":"center center","background-size":"auto","background-attachment":"scroll","background-type":"","background-media":"","overlay-type":"","overlay-color":"","overlay-opacity":"","overlay-gradient":""},"tablet":{"background-color":"","background-image":"","background-repeat":"repeat","background-position":"center center","background-size":"auto","background-attachment":"scroll","background-type":"","background-media":"","overlay-type":"","overlay-color":"","overlay-opacity":"","overlay-gradient":""},"mobile":{"background-color":"","background-image":"","background-repeat":"repeat","background-position":"center center","background-size":"auto","background-attachment":"scroll","background-type":"","background-media":"","overlay-type":"","overlay-color":"","overlay-opacity":"","overlay-gradient":""}},"ast-content-background-meta":{"desktop":{"background-color":"var(--ast-global-color-5)","background-image":"","background-repeat":"repeat","background-position":"center center","background-size":"auto","background-attachment":"scroll","background-type":"","background-media":"","overlay-type":"","overlay-color":"","overlay-opacity":"","overlay-gradient":""},"tablet":{"background-color":"var(--ast-global-color-5)","background-image":"","background-repeat":"repeat","background-position":"center center","background-size":"auto","background-attachment":"scroll","background-type":"","background-media":"","overlay-type":"","overlay-color":"","overlay-opacity":"","overlay-gradient":""},"mobile":{"background-color":"var(--ast-global-color-5)","background-image":"","background-repeat":"repeat","background-position":"center center","background-size":"auto","background-attachment":"scroll","background-type":"","background-media":"","overlay-type":"","overlay-color":"","overlay-opacity":"","overlay-gradient":""}},"footnotes":""},"categories":[58,3],"tags":[200,916,358,321],"class_list":["post-440251","post","type-post","status-publish","format-standard","has-post-thumbnail","hentry","category-caixa1","category-nacional","tag-estudos-teologicos","tag-inteligencia-artificial","tag-publicacoes","tag-ucp"],"_links":{"self":[{"href":"https:\/\/agencia.ecclesia.pt\/portal\/wp-json\/wp\/v2\/posts\/440251","targetHints":{"allow":["GET"]}}],"collection":[{"href":"https:\/\/agencia.ecclesia.pt\/portal\/wp-json\/wp\/v2\/posts"}],"about":[{"href":"https:\/\/agencia.ecclesia.pt\/portal\/wp-json\/wp\/v2\/types\/post"}],"author":[{"embeddable":true,"href":"https:\/\/agencia.ecclesia.pt\/portal\/wp-json\/wp\/v2\/users\/2"}],"replies":[{"embeddable":true,"href":"https:\/\/agencia.ecclesia.pt\/portal\/wp-json\/wp\/v2\/comments?post=440251"}],"version-history":[{"count":1,"href":"https:\/\/agencia.ecclesia.pt\/portal\/wp-json\/wp\/v2\/posts\/440251\/revisions"}],"predecessor-version":[{"id":440255,"href":"https:\/\/agencia.ecclesia.pt\/portal\/wp-json\/wp\/v2\/posts\/440251\/revisions\/440255"}],"wp:featuredmedia":[{"embeddable":true,"href":"https:\/\/agencia.ecclesia.pt\/portal\/wp-json\/wp\/v2\/media\/440253"}],"wp:attachment":[{"href":"https:\/\/agencia.ecclesia.pt\/portal\/wp-json\/wp\/v2\/media?parent=440251"}],"wp:term":[{"taxonomy":"category","embeddable":true,"href":"https:\/\/agencia.ecclesia.pt\/portal\/wp-json\/wp\/v2\/categories?post=440251"},{"taxonomy":"post_tag","embeddable":true,"href":"https:\/\/agencia.ecclesia.pt\/portal\/wp-json\/wp\/v2\/tags?post=440251"}],"curies":[{"name":"wp","href":"https:\/\/api.w.org\/{rel}","templated":true}]}}