{"id":440247,"date":"2026-08-31T12:27:04","date_gmt":"2026-08-31T11:27:04","guid":{"rendered":"https:\/\/agencia.ecclesia.pt\/portal\/?p=440247"},"modified":"2026-08-31T12:27:04","modified_gmt":"2026-08-31T11:27:04","slug":"vaticano-leao-xiv-autoriza-sinodos-orientais-a-destituir-patriarcas-por-motivos-graves","status":"publish","type":"post","link":"https:\/\/agencia.ecclesia.pt\/portal\/vaticano-leao-xiv-autoriza-sinodos-orientais-a-destituir-patriarcas-por-motivos-graves\/","title":{"rendered":"Vaticano: Le\u00e3o XIV autoriza s\u00ednodos orientais a destituir patriarcas por motivos graves"},"content":{"rendered":"<p><em>Altera\u00e7\u00e3o ao direito pr\u00f3prio implica consentimento do Papa \u00e0 decis\u00e3o, ap\u00f3s pedido de ren\u00fancia volunt\u00e1ria<\/em><!--more--><\/p>\n<figure id=\"attachment_440248\" aria-describedby=\"caption-attachment-440248\" style=\"width: 1500px\" class=\"wp-caption alignnone\"><img fetchpriority=\"high\" decoding=\"async\" class=\"wp-image-440248 size-full\" src=\"https:\/\/agencia.ecclesia.pt\/portal\/wp-content\/uploads\/2026\/08\/patriarca_VM.jpeg\" alt=\"\" width=\"1500\" height=\"844\" srcset=\"https:\/\/agencia.ecclesia.pt\/portal\/wp-content\/uploads\/2026\/08\/patriarca_VM.jpeg 1500w, https:\/\/agencia.ecclesia.pt\/portal\/wp-content\/uploads\/2026\/08\/patriarca_VM-400x225.jpeg 400w, https:\/\/agencia.ecclesia.pt\/portal\/wp-content\/uploads\/2026\/08\/patriarca_VM-1024x576.jpeg 1024w, https:\/\/agencia.ecclesia.pt\/portal\/wp-content\/uploads\/2026\/08\/patriarca_VM-768x432.jpeg 768w\" sizes=\"(max-width: 1500px) 100vw, 1500px\" \/><figcaption id=\"caption-attachment-440248\" class=\"wp-caption-text\">Foto: Vatican Media<\/figcaption><\/figure>\n<p>Cidade do Vaticano, 31 ago 2026 (Ecclesia) \u2013 O Papa alterou o C\u00f3digo dos C\u00e2nones das Igrejas Orientais para conceder aos S\u00ednodos dos Bispos o poder de destituir os respetivos patriarcas em situa\u00e7\u00f5es de grave rutura da comunh\u00e3o eclesial.<\/p>\n<p>&#8220;Reconhe\u00e7o e estabele\u00e7o a compet\u00eancia dos respetivos S\u00ednodos dos Bispos para recompor a comunh\u00e3o ferida, inclusive removendo do cargo, por causa grave, o pr\u00f3prio patriarca&#8221;, determinou Le\u00e3o XIV na Carta Apost\u00f3lica \u2018Mutua concordia\u2019.<\/p>\n<p>A efetiva\u00e7\u00e3o da destitui\u00e7\u00e3o exige a aprova\u00e7\u00e3o por voto secreto de &#8220;pelo menos dois ter\u00e7os dos membros do S\u00ednodo com direito a voto&#8221;, cabendo posteriormente ao pont\u00edfice dar &#8220;o assentimento \u00e0 remo\u00e7\u00e3o&#8221;, explicitam as novas normas, <a href=\"https:\/\/www.vaticannews.va\/pt\/papa\/news\/2026-08\/papa-leao-xiv-motu-proprio-mutua-concordia-igrejas-orientais.html\" target=\"_blank\" rel=\"noopener\">divulgadas<\/a> este s\u00e1bado pelo Vaticano.<\/p>\n<p>O processo can\u00f3nico estabelece a obriga\u00e7\u00e3o de garantir ao visado &#8220;o direito \u00e0 plena defesa perante o S\u00ednodo&#8221;, salvaguardando a justi\u00e7a face a qualquer acusa\u00e7\u00e3o formal, ressalvou o Papa.<\/p>\n<p>A modifica\u00e7\u00e3o legislativa visa preencher uma lacuna no ordenamento jur\u00eddico cat\u00f3lico para resolver os casos em que &#8220;o sagrado v\u00ednculo entre o Pater et Caput [pai e cabe\u00e7a] e os restantes Bispos ficasse irreparavelmente comprometido&#8221;, justificou Le\u00e3o XIV.<\/p>\n<p>A abertura do processo obriga a um pedido formal pr\u00e9vio para que o patriarca renuncie voluntariamente, antes que &#8220;o bispo mais antigo por ordena\u00e7\u00e3o episcopal&#8221; avance para a vota\u00e7\u00e3o destitutiva.<\/p>\n<p>&#8220;Reservei ao Romano Pont\u00edfice apenas a concess\u00e3o do assentimento \u00e0 decis\u00e3o sinodal, para ter a certeza de que seja garantida a plena liberdade dos padres&#8221;, explicou o Papa, ao procurar afastar eventuais &#8220;press\u00f5es indevidas internas ou externas&#8221;.<\/p>\n<p><em>OC<\/em><\/p>\n","protected":false},"excerpt":{"rendered":"<p>Altera\u00e7\u00e3o ao direito pr\u00f3prio implica consentimento do Papa \u00e0 decis\u00e3o, ap\u00f3s pedido de ren\u00fancia volunt\u00e1ria<\/p>\n","protected":false},"author":2,"featured_media":440248,"comment_status":"closed","ping_status":"closed","sticky":false,"template":"","format":"standard","meta":{"site-sidebar-layout":"default","site-content-layout":"","ast-site-content-layout":"default","site-content-style":"default","site-sidebar-style":"default","ast-global-header-display":"","ast-banner-title-visibility":"","ast-main-header-display":"","ast-hfb-above-header-display":"","ast-hfb-below-header-display":"","ast-hfb-mobile-header-display":"","site-post-title":"","ast-breadcrumbs-content":"","ast-featured-img":"","footer-sml-layout":"","ast-disable-related-posts":"","theme-transparent-header-meta":"default","adv-header-id-meta":"","stick-header-meta":"default","header-above-stick-meta":"","header-main-stick-meta":"","header-below-stick-meta":"","astra-migrate-meta-layouts":"set","ast-page-background-enabled":"default","ast-page-background-meta":{"desktop":{"background-color":"var(--ast-global-color-4)","background-image":"","background-repeat":"repeat","background-position":"center center","background-size":"auto","background-attachment":"scroll","background-type":"","background-media":"","overlay-type":"","overlay-color":"","overlay-opacity":"","overlay-gradient":""},"tablet":{"background-color":"","background-image":"","background-repeat":"repeat","background-position":"center center","background-size":"auto","background-attachment":"scroll","background-type":"","background-media":"","overlay-type":"","overlay-color":"","overlay-opacity":"","overlay-gradient":""},"mobile":{"background-color":"","background-image":"","background-repeat":"repeat","background-position":"center center","background-size":"auto","background-attachment":"scroll","background-type":"","background-media":"","overlay-type":"","overlay-color":"","overlay-opacity":"","overlay-gradient":""}},"ast-content-background-meta":{"desktop":{"background-color":"var(--ast-global-color-5)","background-image":"","background-repeat":"repeat","background-position":"center center","background-size":"auto","background-attachment":"scroll","background-type":"","background-media":"","overlay-type":"","overlay-color":"","overlay-opacity":"","overlay-gradient":""},"tablet":{"background-color":"var(--ast-global-color-5)","background-image":"","background-repeat":"repeat","background-position":"center center","background-size":"auto","background-attachment":"scroll","background-type":"","background-media":"","overlay-type":"","overlay-color":"","overlay-opacity":"","overlay-gradient":""},"mobile":{"background-color":"var(--ast-global-color-5)","background-image":"","background-repeat":"repeat","background-position":"center center","background-size":"auto","background-attachment":"scroll","background-type":"","background-media":"","overlay-type":"","overlay-color":"","overlay-opacity":"","overlay-gradient":""}},"footnotes":""},"categories":[56,5],"tags":[188,297],"class_list":["post-440247","post","type-post","status-publish","format-standard","has-post-thumbnail","hentry","category-destaque","category-vaticano","tag-direito-canonico","tag-santa-se"],"_links":{"self":[{"href":"https:\/\/agencia.ecclesia.pt\/portal\/wp-json\/wp\/v2\/posts\/440247","targetHints":{"allow":["GET"]}}],"collection":[{"href":"https:\/\/agencia.ecclesia.pt\/portal\/wp-json\/wp\/v2\/posts"}],"about":[{"href":"https:\/\/agencia.ecclesia.pt\/portal\/wp-json\/wp\/v2\/types\/post"}],"author":[{"embeddable":true,"href":"https:\/\/agencia.ecclesia.pt\/portal\/wp-json\/wp\/v2\/users\/2"}],"replies":[{"embeddable":true,"href":"https:\/\/agencia.ecclesia.pt\/portal\/wp-json\/wp\/v2\/comments?post=440247"}],"version-history":[{"count":1,"href":"https:\/\/agencia.ecclesia.pt\/portal\/wp-json\/wp\/v2\/posts\/440247\/revisions"}],"predecessor-version":[{"id":440250,"href":"https:\/\/agencia.ecclesia.pt\/portal\/wp-json\/wp\/v2\/posts\/440247\/revisions\/440250"}],"wp:featuredmedia":[{"embeddable":true,"href":"https:\/\/agencia.ecclesia.pt\/portal\/wp-json\/wp\/v2\/media\/440248"}],"wp:attachment":[{"href":"https:\/\/agencia.ecclesia.pt\/portal\/wp-json\/wp\/v2\/media?parent=440247"}],"wp:term":[{"taxonomy":"category","embeddable":true,"href":"https:\/\/agencia.ecclesia.pt\/portal\/wp-json\/wp\/v2\/categories?post=440247"},{"taxonomy":"post_tag","embeddable":true,"href":"https:\/\/agencia.ecclesia.pt\/portal\/wp-json\/wp\/v2\/tags?post=440247"}],"curies":[{"name":"wp","href":"https:\/\/api.w.org\/{rel}","templated":true}]}}