{"id":440242,"date":"2026-08-31T11:56:25","date_gmt":"2026-08-31T10:56:25","guid":{"rendered":"https:\/\/agencia.ecclesia.pt\/portal\/?p=440242"},"modified":"2026-08-31T11:56:25","modified_gmt":"2026-08-31T10:56:25","slug":"fatima-santuario-regista-aumento-de-participantes-na-bencao-dos-veiculos","status":"publish","type":"post","link":"https:\/\/agencia.ecclesia.pt\/portal\/fatima-santuario-regista-aumento-de-participantes-na-bencao-dos-veiculos\/","title":{"rendered":"F\u00e1tima: Santu\u00e1rio regista aumento de participantes na \u00abB\u00ean\u00e7\u00e3o dos Ve\u00edculos\u00bb"},"content":{"rendered":"<p><em>Cerim\u00f3nia destaca import\u00e2ncia da prud\u00eancia e seguran\u00e7a nas estradas<\/em><!--more--><\/p>\n<figure id=\"attachment_440243\" aria-describedby=\"caption-attachment-440243\" style=\"width: 1920px\" class=\"wp-caption alignnone\"><img fetchpriority=\"high\" decoding=\"async\" class=\"wp-image-440243 size-full\" src=\"https:\/\/agencia.ecclesia.pt\/portal\/wp-content\/uploads\/2026\/08\/2026-08-31bencaoveiculos_fatima_pt2.jpg\" alt=\"\" width=\"1920\" height=\"1080\" srcset=\"https:\/\/agencia.ecclesia.pt\/portal\/wp-content\/uploads\/2026\/08\/2026-08-31bencaoveiculos_fatima_pt2.jpg 1920w, https:\/\/agencia.ecclesia.pt\/portal\/wp-content\/uploads\/2026\/08\/2026-08-31bencaoveiculos_fatima_pt2-400x225.jpg 400w, https:\/\/agencia.ecclesia.pt\/portal\/wp-content\/uploads\/2026\/08\/2026-08-31bencaoveiculos_fatima_pt2-1024x576.jpg 1024w, https:\/\/agencia.ecclesia.pt\/portal\/wp-content\/uploads\/2026\/08\/2026-08-31bencaoveiculos_fatima_pt2-768x432.jpg 768w, https:\/\/agencia.ecclesia.pt\/portal\/wp-content\/uploads\/2026\/08\/2026-08-31bencaoveiculos_fatima_pt2-1536x864.jpg 1536w\" sizes=\"(max-width: 1920px) 100vw, 1920px\" \/><figcaption id=\"caption-attachment-440243\" class=\"wp-caption-text\">Foto: Santu\u00e1rio de F\u00e1tima<\/figcaption><\/figure>\n<p>F\u00e1tima, 31 ago 2026 (Ecclesia) \u2013 O Santu\u00e1rio de F\u00e1tima destacou hoje o crescimento cont\u00ednuo da \u201cB\u00ean\u00e7\u00e3o dos Ve\u00edculos\u201d, que ultrapassou as 10 mil viaturas no \u00faltimo ano.<\/p>\n<p>&#8220;\u00c9 um ato lit\u00fargico no qual pedimos a Deus a sua b\u00ean\u00e7\u00e3o para os autom\u00f3veis, para os seus ocupantes e, ainda, para os demais utentes da estrada&#8221;, explicava a institui\u00e7\u00e3o cat\u00f3lica, ao oficializar esta b\u00ean\u00e7\u00e3o, na edi\u00e7\u00e3o de janeiro de 1992 do jornal \u2018Voz da F\u00e1tima\u2019.<\/p>\n<p>A publica\u00e7\u00e3o sublinhava a necessidade de os condutores colaborarem com Deus atrav\u00e9s de uma condu\u00e7\u00e3o atenta, s\u00f3bria e cort\u00eas, &#8220;evitando manobras perigosas&#8221;, alertou o organismo.<\/p>\n<p>A ora\u00e7\u00e3o de b\u00ean\u00e7\u00e3o acentua a import\u00e2ncia de \u201cpercorrer os caminhos da estrada com prud\u00eancia, para tornar seguro o caminho dos outros\u201d.<\/p>\n<p>O ritual conheceu uma evolu\u00e7\u00e3o expressiva ao longo dos anos, passando de seis mil viaturas em 2011 para mais de 10 mil ve\u00edculos benzidos em 2025, num momento que contou com a presen\u00e7a de 16 mil peregrinos, contabilizaram os servi\u00e7os locais.<\/p>\n<p>A oficializa\u00e7\u00e3o da tradi\u00e7\u00e3o veio estruturar um costume \u201cinformal\u201d que ganhara for\u00e7a ao longo de todo o s\u00e9culo XX, com as multid\u00f5es a estacionar nas imedia\u00e7\u00f5es da Cova da Iria, enquadrou a resenha hist\u00f3rica divulgada no site do Santu\u00e1rio nacional.<\/p>\n<p>A participa\u00e7\u00e3o no rito procura garantir que os fi\u00e9is se mantenham &#8220;guardados por Deus e por Nossa Senhora, em todas as viagens, curtas ou longas&#8221;, testemunharam Filipa e Marco Antunes, motociclistas da Lourinh\u00e3.<\/p>\n<p>A devo\u00e7\u00e3o atrai os peregrinos de forma ass\u00eddua, como no caso dos antigos emigrantes Lurdes e Carlos de Melo, que encaram a prote\u00e7\u00e3o divina como uma fonte de &#8220;al\u00edvio e esperan\u00e7a&#8221;, ilustrou a <a href=\"https:\/\/www.fatima.pt\/pt\/news\/bencao-dos-veiculos-paz-nas-estradas-da-vida\" target=\"_blank\" rel=\"noopener\">reportagem<\/a> online.<\/p>\n<p>A b\u00ean\u00e7\u00e3o materializa uma prote\u00e7\u00e3o que os crentes consideram &#8220;extens\u00edvel a todos os ocupantes&#8221;, convic\u00e7\u00e3o que motivou a desloca\u00e7\u00e3o de Albertina e Ant\u00f3nio Peixoto ap\u00f3s a aquisi\u00e7\u00e3o de uma autocaravana familiar.<\/p>\n<p>A cerim\u00f3nia decorre habitualmente aos domingos e dias santos nos hor\u00e1rios das 12h45 e 17h00, realizando-se desde o ano de 2020 no parque de estacionamento situado junto ao Centro Pastoral de Paulo VI.<\/p>\n<p><em>OC<\/em><\/p>\n","protected":false},"excerpt":{"rendered":"<p>Cerim\u00f3nia destaca import\u00e2ncia da prud\u00eancia e seguran\u00e7a nas estradas<\/p>\n","protected":false},"author":2,"featured_media":440243,"comment_status":"closed","ping_status":"closed","sticky":false,"template":"","format":"standard","meta":{"site-sidebar-layout":"default","site-content-layout":"","ast-site-content-layout":"default","site-content-style":"default","site-sidebar-style":"default","ast-global-header-display":"","ast-banner-title-visibility":"","ast-main-header-display":"","ast-hfb-above-header-display":"","ast-hfb-below-header-display":"","ast-hfb-mobile-header-display":"","site-post-title":"","ast-breadcrumbs-content":"","ast-featured-img":"","footer-sml-layout":"","ast-disable-related-posts":"","theme-transparent-header-meta":"default","adv-header-id-meta":"","stick-header-meta":"default","header-above-stick-meta":"","header-main-stick-meta":"","header-below-stick-meta":"","astra-migrate-meta-layouts":"set","ast-page-background-enabled":"default","ast-page-background-meta":{"desktop":{"background-color":"var(--ast-global-color-4)","background-image":"","background-repeat":"repeat","background-position":"center center","background-size":"auto","background-attachment":"scroll","background-type":"","background-media":"","overlay-type":"","overlay-color":"","overlay-opacity":"","overlay-gradient":""},"tablet":{"background-color":"","background-image":"","background-repeat":"repeat","background-position":"center center","background-size":"auto","background-attachment":"scroll","background-type":"","background-media":"","overlay-type":"","overlay-color":"","overlay-opacity":"","overlay-gradient":""},"mobile":{"background-color":"","background-image":"","background-repeat":"repeat","background-position":"center center","background-size":"auto","background-attachment":"scroll","background-type":"","background-media":"","overlay-type":"","overlay-color":"","overlay-opacity":"","overlay-gradient":""}},"ast-content-background-meta":{"desktop":{"background-color":"var(--ast-global-color-5)","background-image":"","background-repeat":"repeat","background-position":"center center","background-size":"auto","background-attachment":"scroll","background-type":"","background-media":"","overlay-type":"","overlay-color":"","overlay-opacity":"","overlay-gradient":""},"tablet":{"background-color":"var(--ast-global-color-5)","background-image":"","background-repeat":"repeat","background-position":"center center","background-size":"auto","background-attachment":"scroll","background-type":"","background-media":"","overlay-type":"","overlay-color":"","overlay-opacity":"","overlay-gradient":""},"mobile":{"background-color":"var(--ast-global-color-5)","background-image":"","background-repeat":"repeat","background-position":"center center","background-size":"auto","background-attachment":"scroll","background-type":"","background-media":"","overlay-type":"","overlay-color":"","overlay-opacity":"","overlay-gradient":""}},"footnotes":""},"categories":[79,3],"tags":[207],"class_list":["post-440242","post","type-post","status-publish","format-standard","has-post-thumbnail","hentry","category-destaque1","category-nacional","tag-fatima"],"_links":{"self":[{"href":"https:\/\/agencia.ecclesia.pt\/portal\/wp-json\/wp\/v2\/posts\/440242","targetHints":{"allow":["GET"]}}],"collection":[{"href":"https:\/\/agencia.ecclesia.pt\/portal\/wp-json\/wp\/v2\/posts"}],"about":[{"href":"https:\/\/agencia.ecclesia.pt\/portal\/wp-json\/wp\/v2\/types\/post"}],"author":[{"embeddable":true,"href":"https:\/\/agencia.ecclesia.pt\/portal\/wp-json\/wp\/v2\/users\/2"}],"replies":[{"embeddable":true,"href":"https:\/\/agencia.ecclesia.pt\/portal\/wp-json\/wp\/v2\/comments?post=440242"}],"version-history":[{"count":1,"href":"https:\/\/agencia.ecclesia.pt\/portal\/wp-json\/wp\/v2\/posts\/440242\/revisions"}],"predecessor-version":[{"id":440245,"href":"https:\/\/agencia.ecclesia.pt\/portal\/wp-json\/wp\/v2\/posts\/440242\/revisions\/440245"}],"wp:featuredmedia":[{"embeddable":true,"href":"https:\/\/agencia.ecclesia.pt\/portal\/wp-json\/wp\/v2\/media\/440243"}],"wp:attachment":[{"href":"https:\/\/agencia.ecclesia.pt\/portal\/wp-json\/wp\/v2\/media?parent=440242"}],"wp:term":[{"taxonomy":"category","embeddable":true,"href":"https:\/\/agencia.ecclesia.pt\/portal\/wp-json\/wp\/v2\/categories?post=440242"},{"taxonomy":"post_tag","embeddable":true,"href":"https:\/\/agencia.ecclesia.pt\/portal\/wp-json\/wp\/v2\/tags?post=440242"}],"curies":[{"name":"wp","href":"https:\/\/api.w.org\/{rel}","templated":true}]}}