{"id":440231,"date":"2026-08-31T11:29:47","date_gmt":"2026-08-31T10:29:47","guid":{"rendered":"https:\/\/agencia.ecclesia.pt\/portal\/?p=440231"},"modified":"2026-08-31T11:29:47","modified_gmt":"2026-08-31T10:29:47","slug":"pastoral-juvenil-departamento-nacional-desafia-animadores-a-sair-dos-lugares-habituais","status":"publish","type":"post","link":"https:\/\/agencia.ecclesia.pt\/portal\/pastoral-juvenil-departamento-nacional-desafia-animadores-a-sair-dos-lugares-habituais\/","title":{"rendered":"Pastoral Juvenil: Departamento Nacional desafia animadores a sair dos \u00ablugares habituais\u00bb"},"content":{"rendered":"<p><em>Jornadas de forma\u00e7\u00e3o decorrem entre 25 e 27 de setembro<\/em><!--more--><\/p>\n<p><img fetchpriority=\"high\" decoding=\"async\" class=\"aligncenter wp-image-440234 size-full\" src=\"https:\/\/agencia.ecclesia.pt\/portal\/wp-content\/uploads\/2026\/08\/Noticia-900x600px.jpg\" alt=\"\" width=\"900\" height=\"600\" srcset=\"https:\/\/agencia.ecclesia.pt\/portal\/wp-content\/uploads\/2026\/08\/Noticia-900x600px.jpg 900w, https:\/\/agencia.ecclesia.pt\/portal\/wp-content\/uploads\/2026\/08\/Noticia-900x600px-400x267.jpg 400w, https:\/\/agencia.ecclesia.pt\/portal\/wp-content\/uploads\/2026\/08\/Noticia-900x600px-768x512.jpg 768w, https:\/\/agencia.ecclesia.pt\/portal\/wp-content\/uploads\/2026\/08\/Noticia-900x600px-391x260.jpg 391w\" sizes=\"(max-width: 900px) 100vw, 900px\" \/><\/p>\n<p>Lisboa, 31 ago 2026 (Ecclesia) \u2013 O Departamento Nacional da Pastoral Juvenil (DNPJ) anunciou hoje a realiza\u00e7\u00e3o de uma jornada de forma\u00e7\u00e3o para desafiar os animadores cat\u00f3licos a sair dos &#8220;lugares habituais&#8221; e a escutar as inquieta\u00e7\u00f5es das novas gera\u00e7\u00f5es.<\/p>\n<p>&#8220;Ir \u00e0s periferias significa sair dos lugares habituais, aproximar-se de quem nem sempre encontramos nos nossos espa\u00e7os e dar lugar a outras vozes&#8221;, sublinha o organismo da Confer\u00eancia Episcopal Portuguesa no documento de apresenta\u00e7\u00e3o do evento.<\/p>\n<p>A iniciativa, promovida sob a marca \u2018Forma\u00e7\u00e3o \u00e0 Vista\u2019, vai decorrer entre os dias 25 e 27 de setembro com o tema central \u2018Periferias e Sonhos \u2013 Escutar realidades, abrir caminhos\u2019, detalhou o comunicado enviado hoje \u00e0 Ag\u00eancia ECCLESIA.<\/p>\n<p>O organismo convida cada comunidade a assumir a &#8220;coragem de sonhar&#8221;, atitude que implica acreditar que &#8220;\u00e9 poss\u00edvel fazer diferente&#8221; para conseguir &#8220;renovar a forma como vivemos a miss\u00e3o evangelizadora&#8221;.<\/p>\n<p>Os tr\u00eas dias de encontro visam aprofundar o conhecimento sobre lideran\u00e7a e comunica\u00e7\u00e3o para descobrir &#8220;linguagens capazes de criar pontes e aproximar a Igreja&#8221; da juventude, indica a <a href=\"https:\/\/dnpj.pt\/formacao-a-vista-2026-desafia-a-igreja-a-escutar-os-jovens-e-a-abrir-novos-caminhos\/\" target=\"_blank\" rel=\"noopener\">nota<\/a> informativa.<\/p>\n<p>O itiner\u00e1rio formativo inclui ainda uma reflex\u00e3o sobre a diversidade de contextos juvenis, alertando para a necessidade de &#8220;procurar respostas pastorais mais pr\u00f3ximas e significativas&#8221;, apontou a organiza\u00e7\u00e3o.<\/p>\n<p>As inscri\u00e7\u00f5es para os agentes pastorais interessados em &#8220;transformar sonhos em caminhos e a\u00e7\u00e3o&#8221; abrem esta ter\u00e7a-feira, atrav\u00e9s da p\u00e1gina oficial do departamento na internet, concluiu o texto de divulga\u00e7\u00e3o.<\/p>\n<p><em>OC<\/em><\/p>\n","protected":false},"excerpt":{"rendered":"<p>Jornadas de forma\u00e7\u00e3o decorrem entre 25 e 27 de setembro<\/p>\n","protected":false},"author":2,"featured_media":440234,"comment_status":"closed","ping_status":"closed","sticky":false,"template":"","format":"standard","meta":{"site-sidebar-layout":"default","site-content-layout":"","ast-site-content-layout":"default","site-content-style":"default","site-sidebar-style":"default","ast-global-header-display":"","ast-banner-title-visibility":"","ast-main-header-display":"","ast-hfb-above-header-display":"","ast-hfb-below-header-display":"","ast-hfb-mobile-header-display":"","site-post-title":"","ast-breadcrumbs-content":"","ast-featured-img":"","footer-sml-layout":"","ast-disable-related-posts":"","theme-transparent-header-meta":"default","adv-header-id-meta":"","stick-header-meta":"default","header-above-stick-meta":"","header-main-stick-meta":"","header-below-stick-meta":"","astra-migrate-meta-layouts":"set","ast-page-background-enabled":"default","ast-page-background-meta":{"desktop":{"background-color":"var(--ast-global-color-4)","background-image":"","background-repeat":"repeat","background-position":"center center","background-size":"auto","background-attachment":"scroll","background-type":"","background-media":"","overlay-type":"","overlay-color":"","overlay-opacity":"","overlay-gradient":""},"tablet":{"background-color":"","background-image":"","background-repeat":"repeat","background-position":"center center","background-size":"auto","background-attachment":"scroll","background-type":"","background-media":"","overlay-type":"","overlay-color":"","overlay-opacity":"","overlay-gradient":""},"mobile":{"background-color":"","background-image":"","background-repeat":"repeat","background-position":"center center","background-size":"auto","background-attachment":"scroll","background-type":"","background-media":"","overlay-type":"","overlay-color":"","overlay-opacity":"","overlay-gradient":""}},"ast-content-background-meta":{"desktop":{"background-color":"var(--ast-global-color-5)","background-image":"","background-repeat":"repeat","background-position":"center center","background-size":"auto","background-attachment":"scroll","background-type":"","background-media":"","overlay-type":"","overlay-color":"","overlay-opacity":"","overlay-gradient":""},"tablet":{"background-color":"var(--ast-global-color-5)","background-image":"","background-repeat":"repeat","background-position":"center center","background-size":"auto","background-attachment":"scroll","background-type":"","background-media":"","overlay-type":"","overlay-color":"","overlay-opacity":"","overlay-gradient":""},"mobile":{"background-color":"var(--ast-global-color-5)","background-image":"","background-repeat":"repeat","background-position":"center center","background-size":"auto","background-attachment":"scroll","background-type":"","background-media":"","overlay-type":"","overlay-color":"","overlay-opacity":"","overlay-gradient":""}},"footnotes":""},"categories":[79,3],"tags":[280],"class_list":["post-440231","post","type-post","status-publish","format-standard","has-post-thumbnail","hentry","category-destaque1","category-nacional","tag-pastoral-juvenil"],"_links":{"self":[{"href":"https:\/\/agencia.ecclesia.pt\/portal\/wp-json\/wp\/v2\/posts\/440231","targetHints":{"allow":["GET"]}}],"collection":[{"href":"https:\/\/agencia.ecclesia.pt\/portal\/wp-json\/wp\/v2\/posts"}],"about":[{"href":"https:\/\/agencia.ecclesia.pt\/portal\/wp-json\/wp\/v2\/types\/post"}],"author":[{"embeddable":true,"href":"https:\/\/agencia.ecclesia.pt\/portal\/wp-json\/wp\/v2\/users\/2"}],"replies":[{"embeddable":true,"href":"https:\/\/agencia.ecclesia.pt\/portal\/wp-json\/wp\/v2\/comments?post=440231"}],"version-history":[{"count":1,"href":"https:\/\/agencia.ecclesia.pt\/portal\/wp-json\/wp\/v2\/posts\/440231\/revisions"}],"predecessor-version":[{"id":440237,"href":"https:\/\/agencia.ecclesia.pt\/portal\/wp-json\/wp\/v2\/posts\/440231\/revisions\/440237"}],"wp:featuredmedia":[{"embeddable":true,"href":"https:\/\/agencia.ecclesia.pt\/portal\/wp-json\/wp\/v2\/media\/440234"}],"wp:attachment":[{"href":"https:\/\/agencia.ecclesia.pt\/portal\/wp-json\/wp\/v2\/media?parent=440231"}],"wp:term":[{"taxonomy":"category","embeddable":true,"href":"https:\/\/agencia.ecclesia.pt\/portal\/wp-json\/wp\/v2\/categories?post=440231"},{"taxonomy":"post_tag","embeddable":true,"href":"https:\/\/agencia.ecclesia.pt\/portal\/wp-json\/wp\/v2\/tags?post=440231"}],"curies":[{"name":"wp","href":"https:\/\/api.w.org\/{rel}","templated":true}]}}