{"id":17246,"date":"2006-04-03T14:44:19","date_gmt":"2006-04-03T14:44:19","guid":{"rendered":"http:\/\/localhost:81\/dados_wp\/2006\/04\/03\/pequim-admite-conversacoes-com-o-vaticano\/"},"modified":"2006-04-03T14:44:19","modified_gmt":"2006-04-03T14:44:19","slug":"pequim-admite-conversacoes-com-o-vaticano","status":"publish","type":"post","link":"https:\/\/agencia.ecclesia.pt\/portal\/pequim-admite-conversacoes-com-o-vaticano\/","title":{"rendered":"Pequim admite conversa\u00e7\u00f5es com o Vaticano"},"content":{"rendered":"<p>O respons\u00e1vel chin\u00eas para os assuntos religiosos admitiu que a China e o Vaticano est\u00e3o a negociar a normaliza\u00e7\u00e3o de la\u00e7os diplom\u00e1ticos e que Pequim poder\u00e1 aceitar &#8220;consultas&#8221; sobre a nomea\u00e7\u00e3o de Bispos pelo Vaticano, algo que o governo chin\u00eas sempre considerou &#8220;interfer\u00eancia nos assuntos internos&#8221;. &#8220;O contacto entre n\u00f3s tem vindo a prosseguir, mas \u00e9 dif\u00edcil definir uma agenda para a normaliza\u00e7\u00e3o dos la\u00e7os&#8221;, disse o director da Administra\u00e7\u00e3o Estatal para os Assuntos Religiosos, Ye Xiaowen, ao jornal oficial chin\u00eas China Daily. Apesar de esta abertura, Ye Xiaowen reiterou a posi\u00e7\u00e3o de que a normaliza\u00e7\u00e3o dos la\u00e7os entre as duas partes depende do corte de rela\u00e7\u00f5es diplom\u00e1ticas entre o Vaticano e Taiwan e da aceita\u00e7\u00e3o pela Santa S\u00e9 do princ\u00edpio de &#8220;n\u00e3o interfer\u00eancia nos assuntos chineses&#8221;. V\u00e1rios contactos informais t\u00eam sido desenvolvidos desde que Bento XVI sucedeu a Jo\u00e3o Paulo II, fazendo do estabelecimento de rela\u00e7\u00f5es diplom\u00e1ticas com a China uma das suas prioridades.  Embora o Partido Comunista Chin\u00eas se declare oficialmente ateu, a Constitui\u00e7\u00e3o chinesa permite a exist\u00eancia de cinco Igrejas oficiais (Associa\u00e7\u00f5es Patri\u00f3ticas), entre elas a Cat\u00f3lica, que tem 5,2 milh\u00f5es de fi\u00e9is. Segundo fontes do Vaticano, a Igreja Cat\u00f3lica \u201cclandestina\u201d conta mais de 8 milh\u00f5es de fi\u00e9is, que s\u00e3o obrigados a celebrar missas em segredo, nas suas casas, sob o risco de serem presos. Ap\u00f3s o primeiro Consist\u00f3rio do pontificado de Bento XVI, em que foi criado Cardeal o Bispo de Hong Kong, o secret\u00e1rio do Vaticano para as rela\u00e7\u00f5es com os Estados, Arcebispo Giovanni Lajolo, disse que o Papa n\u00e3o recusaria o convite para visitar a China se este lhe fosse feito. Para o prelado, \u00e9 apenas uma quest\u00e3o de tempo at\u00e9 que o governo chin\u00eas acabe por aceitar que n\u00e3o \u00e9 compet\u00eancia do Estado o controlo das consci\u00eancias e das op\u00e7\u00f5es religiosas. Em Abril, \u00e9 proposto aos cat\u00f3licos de todo o mundo que rezem em especial \u201cpara que, na China, a Igreja possa cumprir com serenidade e plena liberdade a sua miss\u00e3o evangelizadora\u201d.  A inten\u00e7\u00e3o mission\u00e1ria do Apostolado da Ora\u00e7\u00e3o ainda \u00e9 da responsabilidade de Jo\u00e3o Paulo II, que a prop\u00f4s, tendo sido assumida por Bento XVI.<\/p>\n","protected":false},"excerpt":{"rendered":"<p>O respons\u00e1vel chin\u00eas para os assuntos religiosos admitiu que a China e o Vaticano est\u00e3o a negociar a normaliza\u00e7\u00e3o de la\u00e7os diplom\u00e1ticos e que Pequim poder\u00e1 aceitar &#8220;consultas&#8221; sobre a nomea\u00e7\u00e3o de Bispos pelo Vaticano, algo que o governo chin\u00eas sempre considerou &#8220;interfer\u00eancia nos assuntos internos&#8221;. &#8220;O contacto entre n\u00f3s tem vindo a prosseguir, mas [&hellip;]<\/p>\n","protected":false},"author":1,"featured_media":0,"comment_status":"open","ping_status":"open","sticky":false,"template":"","format":"standard","meta":{"site-sidebar-layout":"default","site-content-layout":"","ast-site-content-layout":"default","site-content-style":"default","site-sidebar-style":"default","ast-global-header-display":"","ast-banner-title-visibility":"","ast-main-header-display":"","ast-hfb-above-header-display":"","ast-hfb-below-header-display":"","ast-hfb-mobile-header-display":"","site-post-title":"","ast-breadcrumbs-content":"","ast-featured-img":"","footer-sml-layout":"","ast-disable-related-posts":"","theme-transparent-header-meta":"","adv-header-id-meta":"","stick-header-meta":"","header-above-stick-meta":"","header-main-stick-meta":"","header-below-stick-meta":"","astra-migrate-meta-layouts":"default","ast-page-background-enabled":"default","ast-page-background-meta":{"desktop":{"background-color":"var(--ast-global-color-4)","background-image":"","background-repeat":"repeat","background-position":"center center","background-size":"auto","background-attachment":"scroll","background-type":"","background-media":"","overlay-type":"","overlay-color":"","overlay-opacity":"","overlay-gradient":""},"tablet":{"background-color":"","background-image":"","background-repeat":"repeat","background-position":"center center","background-size":"auto","background-attachment":"scroll","background-type":"","background-media":"","overlay-type":"","overlay-color":"","overlay-opacity":"","overlay-gradient":""},"mobile":{"background-color":"","background-image":"","background-repeat":"repeat","background-position":"center center","background-size":"auto","background-attachment":"scroll","background-type":"","background-media":"","overlay-type":"","overlay-color":"","overlay-opacity":"","overlay-gradient":""}},"ast-content-background-meta":{"desktop":{"background-color":"var(--ast-global-color-5)","background-image":"","background-repeat":"repeat","background-position":"center center","background-size":"auto","background-attachment":"scroll","background-type":"","background-media":"","overlay-type":"","overlay-color":"","overlay-opacity":"","overlay-gradient":""},"tablet":{"background-color":"var(--ast-global-color-5)","background-image":"","background-repeat":"repeat","background-position":"center center","background-size":"auto","background-attachment":"scroll","background-type":"","background-media":"","overlay-type":"","overlay-color":"","overlay-opacity":"","overlay-gradient":""},"mobile":{"background-color":"var(--ast-global-color-5)","background-image":"","background-repeat":"repeat","background-position":"center center","background-size":"auto","background-attachment":"scroll","background-type":"","background-media":"","overlay-type":"","overlay-color":"","overlay-opacity":"","overlay-gradient":""}},"footnotes":""},"categories":[5],"tags":[120,149,237,297],"class_list":["post-17246","post","type-post","status-publish","format-standard","hentry","category-vaticano","tag-bento-xvi","tag-consistorio","tag-joao-paulo-ii","tag-santa-se"],"_links":{"self":[{"href":"https:\/\/agencia.ecclesia.pt\/portal\/wp-json\/wp\/v2\/posts\/17246","targetHints":{"allow":["GET"]}}],"collection":[{"href":"https:\/\/agencia.ecclesia.pt\/portal\/wp-json\/wp\/v2\/posts"}],"about":[{"href":"https:\/\/agencia.ecclesia.pt\/portal\/wp-json\/wp\/v2\/types\/post"}],"author":[{"embeddable":true,"href":"https:\/\/agencia.ecclesia.pt\/portal\/wp-json\/wp\/v2\/users\/1"}],"replies":[{"embeddable":true,"href":"https:\/\/agencia.ecclesia.pt\/portal\/wp-json\/wp\/v2\/comments?post=17246"}],"version-history":[{"count":0,"href":"https:\/\/agencia.ecclesia.pt\/portal\/wp-json\/wp\/v2\/posts\/17246\/revisions"}],"wp:attachment":[{"href":"https:\/\/agencia.ecclesia.pt\/portal\/wp-json\/wp\/v2\/media?parent=17246"}],"wp:term":[{"taxonomy":"category","embeddable":true,"href":"https:\/\/agencia.ecclesia.pt\/portal\/wp-json\/wp\/v2\/categories?post=17246"},{"taxonomy":"post_tag","embeddable":true,"href":"https:\/\/agencia.ecclesia.pt\/portal\/wp-json\/wp\/v2\/tags?post=17246"}],"curies":[{"name":"wp","href":"https:\/\/api.w.org\/{rel}","templated":true}]}}