{"id":1183,"date":"2006-04-03T14:44:19","date_gmt":"2006-04-03T14:44:19","guid":{"rendered":"http:\/\/localhost:81\/dados_wp\/2006\/04\/03\/primeira-intervencao-de-um-patriarca-ortodoxo-na-catedral-de-istambul\/"},"modified":"2006-04-03T14:44:19","modified_gmt":"2006-04-03T14:44:19","slug":"primeira-intervencao-de-um-patriarca-ortodoxo-na-catedral-de-istambul","status":"publish","type":"post","link":"https:\/\/agencia.ecclesia.pt\/portal\/primeira-intervencao-de-um-patriarca-ortodoxo-na-catedral-de-istambul\/","title":{"rendered":"Primeira interven\u00e7\u00e3o de um patriarca ortodoxo na catedral de Istambul"},"content":{"rendered":"<p>O patriarca ecum\u00e9nico de Constantinopla, Bartolomeu I, elogiou na catedral de Istambul a figura de Jo\u00e3o Paulo II, reconhecendo que o seu testemunho permite ao mundo crer que \u00e9 poss\u00edvel alcan\u00e7ar a paz. Esta interven\u00e7\u00e3o decorreu no congresso promovido pela Confer\u00eancia Episcopal turca e a Nunciatura Apost\u00f3lica na Turquia a 17 de Junho para celebrar o 25\u00ba anivers\u00e1rio do pontificado de Jo\u00e3o Paulo II. Segundo o porta-voz da Confer\u00eancia Episcopal turca, Georges Marovitch, \u00aba presen\u00e7a de Bartolomeu I no encontro representou um importante gesto ecum\u00e9nico. Foi, tamb\u00e9m, a primeira vez que um patriarca falou na catedral de Istambul\u00bb.  Falando sobre o tema \u00abJo\u00e3o Paulo II e o servi\u00e7o \u00e0 paz\u00bb, Bartolomeu I recordou que \u00aba ac\u00e7\u00e3o do Papa est\u00e1 marcada por uma apaixonada busca da paz e isto procede de sua f\u00e9 nas palavras de Jesus. Com maior raz\u00e3o agora que o mundo conhece a guerra e o terrorismo\u00bb.  \u00abA sua estatura de l\u00edder moral e religioso \u2013 constatou -, n\u00e3o s\u00f3 para os cat\u00f3licos, mas para todos os homens e mulheres de boa vontade, tem a sua origem em uma profunda f\u00e9 pessoal e na convic\u00e7\u00e3o de que esta tarefa deve ser vivida de maneira que os demais vejam a verdade, entendam a justi\u00e7a e encontrem a paz\u00bb.  Bartolomeu I, considerado como \u00abprimus inter pares\u00bb da ortodoxia, destacou que a unidade dos crist\u00e3os alentar\u00e1 a paz.  Ortodoxos e cat\u00f3licos encontram-se divididos desde o Cisma do Oriente em Julho de 1054, data em que trocaram excomunh\u00f5es o Papa Le\u00e3o IX e o patriarca de Constantinopla Miguel Cerulario. As excomunh\u00f5es foram levantadas em 1965, mas ortodoxos e cat\u00f3licos n\u00e3o encontraram ainda a unidade plena. N\u00e3o obstante, tanto Jo\u00e3o Paulo II como Bartolomeu I manifestaram a sua esperan\u00e7a por uma reunifica\u00e7\u00e3o. <\/p>\n","protected":false},"excerpt":{"rendered":"<p>O patriarca ecum\u00e9nico de Constantinopla, Bartolomeu I, elogiou na catedral de Istambul a figura de Jo\u00e3o Paulo II, reconhecendo que o seu testemunho permite ao mundo crer que \u00e9 poss\u00edvel alcan\u00e7ar a paz. Esta interven\u00e7\u00e3o decorreu no congresso promovido pela Confer\u00eancia Episcopal turca e a Nunciatura Apost\u00f3lica na Turquia a 17 de Junho para celebrar [&hellip;]<\/p>\n","protected":false},"author":1,"featured_media":0,"comment_status":"open","ping_status":"open","sticky":false,"template":"","format":"standard","meta":{"site-sidebar-layout":"default","site-content-layout":"","ast-site-content-layout":"default","site-content-style":"default","site-sidebar-style":"default","ast-global-header-display":"","ast-banner-title-visibility":"","ast-main-header-display":"","ast-hfb-above-header-display":"","ast-hfb-below-header-display":"","ast-hfb-mobile-header-display":"","site-post-title":"","ast-breadcrumbs-content":"","ast-featured-img":"","footer-sml-layout":"","ast-disable-related-posts":"","theme-transparent-header-meta":"","adv-header-id-meta":"","stick-header-meta":"","header-above-stick-meta":"","header-main-stick-meta":"","header-below-stick-meta":"","astra-migrate-meta-layouts":"default","ast-page-background-enabled":"default","ast-page-background-meta":{"desktop":{"background-color":"var(--ast-global-color-4)","background-image":"","background-repeat":"repeat","background-position":"center center","background-size":"auto","background-attachment":"scroll","background-type":"","background-media":"","overlay-type":"","overlay-color":"","overlay-opacity":"","overlay-gradient":""},"tablet":{"background-color":"","background-image":"","background-repeat":"repeat","background-position":"center center","background-size":"auto","background-attachment":"scroll","background-type":"","background-media":"","overlay-type":"","overlay-color":"","overlay-opacity":"","overlay-gradient":""},"mobile":{"background-color":"","background-image":"","background-repeat":"repeat","background-position":"center center","background-size":"auto","background-attachment":"scroll","background-type":"","background-media":"","overlay-type":"","overlay-color":"","overlay-opacity":"","overlay-gradient":""}},"ast-content-background-meta":{"desktop":{"background-color":"var(--ast-global-color-5)","background-image":"","background-repeat":"repeat","background-position":"center center","background-size":"auto","background-attachment":"scroll","background-type":"","background-media":"","overlay-type":"","overlay-color":"","overlay-opacity":"","overlay-gradient":""},"tablet":{"background-color":"var(--ast-global-color-5)","background-image":"","background-repeat":"repeat","background-position":"center center","background-size":"auto","background-attachment":"scroll","background-type":"","background-media":"","overlay-type":"","overlay-color":"","overlay-opacity":"","overlay-gradient":""},"mobile":{"background-color":"var(--ast-global-color-5)","background-image":"","background-repeat":"repeat","background-position":"center center","background-size":"auto","background-attachment":"scroll","background-type":"","background-media":"","overlay-type":"","overlay-color":"","overlay-opacity":"","overlay-gradient":""}},"footnotes":""},"categories":[5],"tags":[237],"class_list":["post-1183","post","type-post","status-publish","format-standard","hentry","category-vaticano","tag-joao-paulo-ii"],"_links":{"self":[{"href":"https:\/\/agencia.ecclesia.pt\/portal\/wp-json\/wp\/v2\/posts\/1183","targetHints":{"allow":["GET"]}}],"collection":[{"href":"https:\/\/agencia.ecclesia.pt\/portal\/wp-json\/wp\/v2\/posts"}],"about":[{"href":"https:\/\/agencia.ecclesia.pt\/portal\/wp-json\/wp\/v2\/types\/post"}],"author":[{"embeddable":true,"href":"https:\/\/agencia.ecclesia.pt\/portal\/wp-json\/wp\/v2\/users\/1"}],"replies":[{"embeddable":true,"href":"https:\/\/agencia.ecclesia.pt\/portal\/wp-json\/wp\/v2\/comments?post=1183"}],"version-history":[{"count":0,"href":"https:\/\/agencia.ecclesia.pt\/portal\/wp-json\/wp\/v2\/posts\/1183\/revisions"}],"wp:attachment":[{"href":"https:\/\/agencia.ecclesia.pt\/portal\/wp-json\/wp\/v2\/media?parent=1183"}],"wp:term":[{"taxonomy":"category","embeddable":true,"href":"https:\/\/agencia.ecclesia.pt\/portal\/wp-json\/wp\/v2\/categories?post=1183"},{"taxonomy":"post_tag","embeddable":true,"href":"https:\/\/agencia.ecclesia.pt\/portal\/wp-json\/wp\/v2\/tags?post=1183"}],"curies":[{"name":"wp","href":"https:\/\/api.w.org\/{rel}","templated":true}]}}